{"id":5471,"date":"2024-04-12T11:17:28","date_gmt":"2024-04-12T09:17:28","guid":{"rendered":"https:\/\/agora.xtec.cat\/ieslajonquera\/?p=5471"},"modified":"2024-04-26T19:34:00","modified_gmt":"2024-04-26T17:34:00","slug":"concursos-i-tallers-de-sant-jordi","status":"publish","type":"post","link":"https:\/\/agora.xtec.cat\/ieslajonquera\/general\/concursos-i-tallers-de-sant-jordi\/","title":{"rendered":"Bases dels concursos i tallers de Sant Jordi"},"content":{"rendered":"<h4 style=\"text-align: center;\"><strong>CONSULTEU LES BASES DELS CONCURSOS LITERARI I FOTOGR\u00c0FIC<\/strong><\/h4>\n<table style=\"border-collapse: collapse; width: 100%;\">\n<tbody>\n<tr>\n<td style=\"width: 33.3333%;\"><img loading=\"lazy\" decoding=\"async\" class=\"alignnone wp-image-5478\" src=\"https:\/\/agora.xtec.cat\/ieslajonquera\/wp-content\/uploads\/usu2014\/2024\/04\/SANT-JORDI-1-724x1024.jpg\" alt=\"\" width=\"421\" height=\"595\" \/><\/td>\n<td style=\"width: 33.3333%;\"><a href=\"https:\/\/agora.xtec.cat\/ieslajonquera\/wp-content\/uploads\/usu2014\/2024\/04\/SANT-JORDI_Bases-dels-concursos_page-0001-1.jpg\"><img loading=\"lazy\" decoding=\"async\" class=\"alignnone size-large wp-image-5475\" src=\"https:\/\/agora.xtec.cat\/ieslajonquera\/wp-content\/uploads\/usu2014\/2024\/04\/SANT-JORDI_Bases-dels-concursos_page-0001-1-724x1024.jpg\" alt=\"\" width=\"724\" height=\"1024\" srcset=\"https:\/\/agora.xtec.cat\/ieslajonquera\/wp-content\/uploads\/usu2014\/2024\/04\/SANT-JORDI_Bases-dels-concursos_page-0001-1-724x1024.jpg 724w, https:\/\/agora.xtec.cat\/ieslajonquera\/wp-content\/uploads\/usu2014\/2024\/04\/SANT-JORDI_Bases-dels-concursos_page-0001-1-212x300.jpg 212w, https:\/\/agora.xtec.cat\/ieslajonquera\/wp-content\/uploads\/usu2014\/2024\/04\/SANT-JORDI_Bases-dels-concursos_page-0001-1-768x1086.jpg 768w, https:\/\/agora.xtec.cat\/ieslajonquera\/wp-content\/uploads\/usu2014\/2024\/04\/SANT-JORDI_Bases-dels-concursos_page-0001-1.jpg 1040w\" sizes=\"auto, (max-width: 724px) 100vw, 724px\" \/><\/a><\/td>\n<td style=\"width: 33.3333%;\"><a href=\"https:\/\/agora.xtec.cat\/ieslajonquera\/wp-content\/uploads\/usu2014\/2024\/04\/SANT-JORDI_Cartell-Escoles-Verdes_page-0001-1.jpg\"><img loading=\"lazy\" decoding=\"async\" class=\"alignnone size-large wp-image-5476\" src=\"https:\/\/agora.xtec.cat\/ieslajonquera\/wp-content\/uploads\/usu2014\/2024\/04\/SANT-JORDI_Cartell-Escoles-Verdes_page-0001-1-724x1024.jpg\" alt=\"\" width=\"724\" height=\"1024\" srcset=\"https:\/\/agora.xtec.cat\/ieslajonquera\/wp-content\/uploads\/usu2014\/2024\/04\/SANT-JORDI_Cartell-Escoles-Verdes_page-0001-1-724x1024.jpg 724w, https:\/\/agora.xtec.cat\/ieslajonquera\/wp-content\/uploads\/usu2014\/2024\/04\/SANT-JORDI_Cartell-Escoles-Verdes_page-0001-1-212x300.jpg 212w, https:\/\/agora.xtec.cat\/ieslajonquera\/wp-content\/uploads\/usu2014\/2024\/04\/SANT-JORDI_Cartell-Escoles-Verdes_page-0001-1-768x1086.jpg 768w, https:\/\/agora.xtec.cat\/ieslajonquera\/wp-content\/uploads\/usu2014\/2024\/04\/SANT-JORDI_Cartell-Escoles-Verdes_page-0001-1.jpg 1040w\" sizes=\"auto, (max-width: 724px) 100vw, 724px\" \/><\/a><\/td>\n<\/tr>\n<\/tbody>\n<\/table>\n<h5><b>CONCURS LITERARI<\/b><\/h5>\n<p>\u27a2 Tema:<a href=\"https:\/\/apliense.xtec.cat\/prestatgeria\/a8047421_941\/llibre\/singlepage.php?html=bookcontents.php&amp;footer=1&amp;section=1&amp;page=-1\">\u00a0<b>microrelat<\/b><\/a>\u00a0(relat breu) i\u00a0<a href=\"http:\/\/mascarodeproa.blogspot.com\/2018\/06\/solcs-un-excellent-recull-dhaikus-de.html\"><b>haiku<\/b><\/a>\u00a0(poema breu)<\/p>\n<p>\u27a2 Extensi\u00f3: microrelat, d\u2019entre 3 i 7 l\u00ednies; haiku, 3 versos.<\/p>\n<p>\u27a2 Idioma: catal\u00e0 o castell\u00e0<\/p>\n<p>\u27a2 1 obra per alumne<\/p>\n<p>\u27a2 Format microrelat: tipus de lletra Arial o Century Gothic, mida 12 i interlineat 1,5<\/p>\n<p>\u27a2 Format haiku: lliure (pot ser en format digital o manuscrit i il\u00b7lustrat)<\/p>\n<p>\u27a2 Termini: dijous, 18 d\u2019abril<\/p>\n<p style=\"text-align: justify;\">\u27a2 Lliurament de microrelats: en\u00a0<b>format digital<\/b>, per correu electr\u00f2nic (biblioteca@inslajonquera.cat) amb\u00a0<b>l\u2019assumpte\u00a0<\/b><b><i>Concurs literari<\/i><\/b>\u00a0i l\u2019arxiu en\u00a0<b>PDF<\/b>\u00a0que contingui en el nom<b>\u00a0la modalitat, barra baixa, el nom i cognoms de l\u2019alumne\/a, barra baixa, curs\u00a0<\/b>(p. ex.:\u00a0<i>microrelat_Montserrat Roig_2BAT<\/i>)<\/p>\n<p style=\"text-align: justify;\">\u27a2 Lliurament de haikus: en\u00a0<b>format digital<\/b>, per correu electr\u00f2nic (biblioteca@inslajonquera.cat) amb\u00a0<b>l\u2019assumpte\u00a0<\/b><b><i>Concurs literari<\/i><\/b>\u00a0i\u00a0l\u2019arxiu en\u00a0<b>PDF<\/b>\u00a0que contingui en el nom<b>\u00a0la modalitat, barra baixa, el nom i cognoms de l\u2019alumne\/a, barra baixa, curs\u00a0<\/b>(p. ex.:\u00a0<i>haiku_Montserrat Roig<\/i>) \/\u00a0\u00a0<b>manuscrit<\/b>, lliurament a\u00a0<b>Consergeria\u00a0<\/b>dins un\u00a0<b>sobre<\/b>\u00a0i a l\u2019exterior s\u2019indicar\u00e0 el\u00a0<b>nom, cognoms i curs de l\u2019alumne\/a<\/b>.<\/p>\n<p style=\"text-align: justify;\">\u27a2 Categories i premis: 1 premi per cada modalitat (vals de l\u2019Abacus) per categoria:<\/p>\n<ol>\n<li>1r i 2n d\u2019ESO<\/li>\n<li>3r i 4t d\u2019ESO<\/li>\n<li>BAT<\/li>\n<li>PFI<\/li>\n<\/ol>\n<h5><b>CONCURS FOTOGR\u00c0FIC<\/b><\/h5>\n<p>\u27a2 Tema:<a href=\"https:\/\/colegioprincesasofia.es\/te-animas-a-participar-con-nosotrs-bookface-dia-del-libro-23-de-abril\">\u00a0<b>bookface<\/b><\/a>\u00a0i<a href=\"https:\/\/www.huffingtonpost.es\/2017\/05\/21\/profesor-poemas-instagram-libros_a_22101883\/\">\u00a0<b>bibliopoema<\/b><\/a><\/p>\n<p>\u27a2 Idioma: catal\u00e0 o castell\u00e0<\/p>\n<p>\u27a2 1 obra per alumne<\/p>\n<p>\u27a2 Termini: dijous, 18 d\u2019abril<\/p>\n<p style=\"text-align: justify;\">\u27a2 Lliurament: en\u00a0<b>format digital<\/b>, per correu electr\u00f2nic (biblioteca@inslajonquera.cat) amb\u00a0<b>l\u2019assumpte\u00a0<\/b><b><i>Concurs de fotografia<\/i><\/b>\u00a0i l\u2019arxiu en\u00a0<b>PDF\u00a0<\/b>o<b>\u00a0JPG<\/b>\u00a0que contingui en el nom<b>\u00a0la modalitat, barra baixa, el nom i cognoms de l\u2019alumne\/a, barra baixa, curs\u00a0<\/b>(p. ex.:\u00a0<i>bookface_Francesc Boix_2ESO<\/i>)<\/p>\n<p style=\"text-align: justify;\">\u27a2 Categories i premis: 1 premi per cada modalitat (vals de l\u2019Abacus) per categoria:<\/p>\n<ol>\n<li>1r i 2n d\u2019ESO<\/li>\n<li>3r i 4t d\u2019ESO<\/li>\n<li>BAT<\/li>\n<li>PFI<\/li>\n<\/ol>\n<p><b>VEREDICTE<\/b><\/p>\n<p style=\"text-align: justify;\">El 23 d\u2019abril, d\u201911.00 h a 11.50 h, es duran a terme les votacions al pati per part de tot l\u2019alumnat i professorat del centre. Les obres estaran numerades i no se\u2019n far\u00e0 p\u00fablic el nom dels autors fins al veredicte.<\/p>\n<p style=\"text-align: justify;\"><span style=\"font-weight: 400;\">El divendres 26 d\u2019abril<\/span><span style=\"font-weight: 400;\">, es far\u00e0 el lliurament de premis: tots els participants rebran la invitaci\u00f3 amb les indicacions per assistir a l\u2019acte. Els guanyadors es donaran a con\u00e8ixer el mateix dia i a la mateixa hora de l\u2019acte.<\/span><\/p>\n<h5 style=\"text-align: justify;\"><b>INTERCANVI DE LLIBRES USATS<\/b><\/h5>\n<p style=\"text-align: justify;\">La Comissi\u00f3 d\u2019Escoles Verdes, juntament amb el Comit\u00e8 Ambiental Jonk, coordinaran l\u2019intercanvi de llibres usats en bon estat. Durant l\u2019esbarjo dels dies 15, 16, 17, 18 i 19 d&#8217;abril, s\u2019habilitar\u00e0 una taula al pati on el Comit\u00e8 Ambiental Jonk gestionar\u00e0 la rebuda de llibres usats. Cada alumne \/ docent \/ personal d\u2019administraci\u00f3 i serveis que porti un llibre, rebr\u00e0 un resguard, que ser\u00e0 la seva moneda de canvi el dia 23. El nombre de llibres m\u00e0xim a intercanviar \u00e9s de dos per persona.<\/p>\n<p style=\"text-align: justify;\">El dia 23, hi haur\u00e0 al pati una taula amb tots els llibres rebuts, i tots aquells que tinguin el resguard, se\u2019n podran endur un.<\/p>\n<h5 style=\"text-align: justify;\"><b>TALLERS AMB MATERIALS RECICLATS\u00a0<\/b><\/h5>\n<p style=\"text-align: justify;\">El dia 23, hi haur\u00e0 al pati una taula dos tallers que dinamitzaran uns quants alumnes i professores del Comit\u00e8 Ambiental Jonk:<\/p>\n<ul>\n<li>Elaboraci\u00f3 de bra\u00e7alets amb els colors de la rosa<\/li>\n<li>Elaboraci\u00f3 de roses de paper<\/li>\n<\/ul>\n","protected":false},"excerpt":{"rendered":"<p>CONSULTEU LES BASES DELS CONCURSOS LITERARI I FOTOGR\u00c0FIC<\/p>\n<p><a href=\"https:\/\/agora.xtec.cat\/ieslajonquera\/wp-content\/uploads\/usu2014\/2024\/04\/SANT-JORDI_Bases-dels-concursos_page-0001-1.jpg\"><\/a><br \/>\n<a href=\"https:\/\/agora.xtec.cat\/ieslajonquera\/wp-content\/uploads\/usu2014\/2024\/04\/SANT-JORDI_Cartell-Escoles-Verdes_page-0001-1.jpg\"><\/a><\/p>\n<p>CONCURS LITERARI<br \/>\n\u27a2 Tema:<a href=\"https:\/\/apliense.xtec.cat\/prestatgeria\/a8047421_941\/llibre\/singlepage.php?html=bookcontents.php&amp;footer=1&amp;section=1&amp;page=-1\">\u00a0microrelat<\/a>\u00a0(relat breu) i\u00a0<a href=\"http:\/\/mascarodeproa.blogspot.com\/2018\/06\/solcs-un-excellent-recull-dhaikus-de.html\">haiku<\/a>\u00a0(poema breu)<br \/>\n\u27a2 Extensi\u00f3: microrelat, d\u2019entre 3 i 7 l\u00ednies; haiku, 3 versos.<br \/>\n\u27a2 Idioma: catal\u00e0 o castell\u00e0<br \/>\n\u27a2 1 obra per alumne<br \/>\n\u27a2 Format microrelat: tipus de lletra Arial o Century Gothic, mida&hellip;  <a href=\"https:\/\/agora.xtec.cat\/ieslajonquera\/general\/concursos-i-tallers-de-sant-jordi\/\" title=\"Read Bases dels concursos i tallers de Sant Jordi\">Llegeix m\u00e9s\u00bb<\/a><\/p>\n","protected":false},"author":3,"featured_media":5478,"comment_status":"open","ping_status":"closed","sticky":false,"template":"","format":"standard","meta":{"_bbp_topic_count":0,"_bbp_reply_count":0,"_bbp_total_topic_count":0,"_bbp_total_reply_count":0,"_bbp_voice_count":0,"_bbp_anonymous_reply_count":0,"_bbp_topic_count_hidden":0,"_bbp_reply_count_hidden":0,"_bbp_forum_subforum_count":0,"footnotes":""},"categories":[1],"tags":[106,133,157,38],"class_list":["post-5471","post","type-post","status-publish","format-standard","has-post-thumbnail","hentry","category-general","tag-concurs","tag-creativitat","tag-escola-verda","tag-sant-jordi"],"post_mailing_queue_ids":[],"_links":{"self":[{"href":"https:\/\/agora.xtec.cat\/ieslajonquera\/wp-json\/wp\/v2\/posts\/5471","targetHints":{"allow":["GET"]}}],"collection":[{"href":"https:\/\/agora.xtec.cat\/ieslajonquera\/wp-json\/wp\/v2\/posts"}],"about":[{"href":"https:\/\/agora.xtec.cat\/ieslajonquera\/wp-json\/wp\/v2\/types\/post"}],"author":[{"embeddable":true,"href":"https:\/\/agora.xtec.cat\/ieslajonquera\/wp-json\/wp\/v2\/users\/3"}],"replies":[{"embeddable":true,"href":"https:\/\/agora.xtec.cat\/ieslajonquera\/wp-json\/wp\/v2\/comments?post=5471"}],"version-history":[{"count":6,"href":"https:\/\/agora.xtec.cat\/ieslajonquera\/wp-json\/wp\/v2\/posts\/5471\/revisions"}],"predecessor-version":[{"id":5483,"href":"https:\/\/agora.xtec.cat\/ieslajonquera\/wp-json\/wp\/v2\/posts\/5471\/revisions\/5483"}],"wp:featuredmedia":[{"embeddable":true,"href":"https:\/\/agora.xtec.cat\/ieslajonquera\/wp-json\/wp\/v2\/media\/5478"}],"wp:attachment":[{"href":"https:\/\/agora.xtec.cat\/ieslajonquera\/wp-json\/wp\/v2\/media?parent=5471"}],"wp:term":[{"taxonomy":"category","embeddable":true,"href":"https:\/\/agora.xtec.cat\/ieslajonquera\/wp-json\/wp\/v2\/categories?post=5471"},{"taxonomy":"post_tag","embeddable":true,"href":"https:\/\/agora.xtec.cat\/ieslajonquera\/wp-json\/wp\/v2\/tags?post=5471"}],"curies":[{"name":"wp","href":"https:\/\/api.w.org\/{rel}","templated":true}]}}