{"id":5461,"date":"2024-04-07T18:11:17","date_gmt":"2024-04-07T16:11:17","guid":{"rendered":"https:\/\/agora.xtec.cat\/ieslajonquera\/?p=5461"},"modified":"2024-04-07T18:11:17","modified_gmt":"2024-04-07T16:11:17","slug":"participacio-en-el-14e-forum-de-treballs-de-recerca","status":"publish","type":"post","link":"https:\/\/agora.xtec.cat\/ieslajonquera\/general\/participacio-en-el-14e-forum-de-treballs-de-recerca\/","title":{"rendered":"Participaci\u00f3 en el 14\u00e8 F\u00f2rum de Treballs de Recerca"},"content":{"rendered":"<p style=\"text-align: justify;\"><a href=\"https:\/\/agora.xtec.cat\/ieslajonquera\/wp-content\/uploads\/usu2014\/2024\/04\/IMG-20240406-WA0002.jpg\"><img loading=\"lazy\" decoding=\"async\" class=\" wp-image-5462 alignleft\" src=\"https:\/\/agora.xtec.cat\/ieslajonquera\/wp-content\/uploads\/usu2014\/2024\/04\/IMG-20240406-WA0002-768x1024.jpg\" alt=\"\" width=\"281\" height=\"375\" srcset=\"https:\/\/agora.xtec.cat\/ieslajonquera\/wp-content\/uploads\/usu2014\/2024\/04\/IMG-20240406-WA0002-768x1024.jpg 768w, https:\/\/agora.xtec.cat\/ieslajonquera\/wp-content\/uploads\/usu2014\/2024\/04\/IMG-20240406-WA0002-225x300.jpg 225w, https:\/\/agora.xtec.cat\/ieslajonquera\/wp-content\/uploads\/usu2014\/2024\/04\/IMG-20240406-WA0002-1152x1536.jpg 1152w, https:\/\/agora.xtec.cat\/ieslajonquera\/wp-content\/uploads\/usu2014\/2024\/04\/IMG-20240406-WA0002.jpg 1200w\" sizes=\"auto, (max-width: 281px) 100vw, 281px\" \/><\/a><a href=\"https:\/\/agora.xtec.cat\/ieslajonquera\/wp-content\/uploads\/usu2014\/2024\/04\/IMG-20240406-WA0014.jpg\"><img loading=\"lazy\" decoding=\"async\" class=\" wp-image-5463 alignleft\" src=\"https:\/\/agora.xtec.cat\/ieslajonquera\/wp-content\/uploads\/usu2014\/2024\/04\/IMG-20240406-WA0014-1024x576.jpg\" alt=\"\" width=\"667\" height=\"375\" srcset=\"https:\/\/agora.xtec.cat\/ieslajonquera\/wp-content\/uploads\/usu2014\/2024\/04\/IMG-20240406-WA0014-1024x576.jpg 1024w, https:\/\/agora.xtec.cat\/ieslajonquera\/wp-content\/uploads\/usu2014\/2024\/04\/IMG-20240406-WA0014-300x169.jpg 300w, https:\/\/agora.xtec.cat\/ieslajonquera\/wp-content\/uploads\/usu2014\/2024\/04\/IMG-20240406-WA0014-768x432.jpg 768w, https:\/\/agora.xtec.cat\/ieslajonquera\/wp-content\/uploads\/usu2014\/2024\/04\/IMG-20240406-WA0014-1536x864.jpg 1536w, https:\/\/agora.xtec.cat\/ieslajonquera\/wp-content\/uploads\/usu2014\/2024\/04\/IMG-20240406-WA0014.jpg 2040w\" sizes=\"auto, (max-width: 667px) 100vw, 667px\" \/><\/a>Els alumnes de 2n de Batxillerat Albert Bleisa i Avril Bella van participar, el passat dissabte 6 d&#8217;abril, en el 14\u00e8 F\u00f2rum de Treballs de Recerca de l&#8217;Alt Empord\u00e0 celebrat a l&#8217;Institut Cap Norfeu, de Roses.<\/p>\n","protected":false},"excerpt":{"rendered":"<p><a href=\"https:\/\/agora.xtec.cat\/ieslajonquera\/wp-content\/uploads\/usu2014\/2024\/04\/IMG-20240406-WA0002.jpg\"><\/a><a href=\"https:\/\/agora.xtec.cat\/ieslajonquera\/wp-content\/uploads\/usu2014\/2024\/04\/IMG-20240406-WA0014.jpg\"><\/a>Els alumnes de 2n de Batxillerat Albert Bleisa i Avril Bella van participar, el passat dissabte 6 d&#8217;abril, en el 14\u00e8 F\u00f2rum de Treballs de Recerca de l&#8217;Alt Empord\u00e0 celebrat a l&#8217;Institut Cap Norfeu, de Roses.<\/p>\n","protected":false},"author":3,"featured_media":5462,"comment_status":"open","ping_status":"closed","sticky":false,"template":"","format":"standard","meta":{"_bbp_topic_count":0,"_bbp_reply_count":0,"_bbp_total_topic_count":0,"_bbp_total_reply_count":0,"_bbp_voice_count":0,"_bbp_anonymous_reply_count":0,"_bbp_topic_count_hidden":0,"_bbp_reply_count_hidden":0,"_bbp_forum_subforum_count":0,"footnotes":""},"categories":[8,1],"tags":[108],"class_list":["post-5461","post","type-post","status-publish","format-standard","has-post-thumbnail","hentry","category-batxillerat","category-general","tag-treball-de-recerca"],"post_mailing_queue_ids":[],"_links":{"self":[{"href":"https:\/\/agora.xtec.cat\/ieslajonquera\/wp-json\/wp\/v2\/posts\/5461","targetHints":{"allow":["GET"]}}],"collection":[{"href":"https:\/\/agora.xtec.cat\/ieslajonquera\/wp-json\/wp\/v2\/posts"}],"about":[{"href":"https:\/\/agora.xtec.cat\/ieslajonquera\/wp-json\/wp\/v2\/types\/post"}],"author":[{"embeddable":true,"href":"https:\/\/agora.xtec.cat\/ieslajonquera\/wp-json\/wp\/v2\/users\/3"}],"replies":[{"embeddable":true,"href":"https:\/\/agora.xtec.cat\/ieslajonquera\/wp-json\/wp\/v2\/comments?post=5461"}],"version-history":[{"count":1,"href":"https:\/\/agora.xtec.cat\/ieslajonquera\/wp-json\/wp\/v2\/posts\/5461\/revisions"}],"predecessor-version":[{"id":5464,"href":"https:\/\/agora.xtec.cat\/ieslajonquera\/wp-json\/wp\/v2\/posts\/5461\/revisions\/5464"}],"wp:featuredmedia":[{"embeddable":true,"href":"https:\/\/agora.xtec.cat\/ieslajonquera\/wp-json\/wp\/v2\/media\/5462"}],"wp:attachment":[{"href":"https:\/\/agora.xtec.cat\/ieslajonquera\/wp-json\/wp\/v2\/media?parent=5461"}],"wp:term":[{"taxonomy":"category","embeddable":true,"href":"https:\/\/agora.xtec.cat\/ieslajonquera\/wp-json\/wp\/v2\/categories?post=5461"},{"taxonomy":"post_tag","embeddable":true,"href":"https:\/\/agora.xtec.cat\/ieslajonquera\/wp-json\/wp\/v2\/tags?post=5461"}],"curies":[{"name":"wp","href":"https:\/\/api.w.org\/{rel}","templated":true}]}}