{"id":5458,"date":"2024-04-07T17:55:24","date_gmt":"2024-04-07T15:55:24","guid":{"rendered":"https:\/\/agora.xtec.cat\/ieslajonquera\/?p=5458"},"modified":"2024-04-07T17:55:24","modified_gmt":"2024-04-07T15:55:24","slug":"xerrada-de-lassociacio-ffreee-a-batxillerat","status":"publish","type":"post","link":"https:\/\/agora.xtec.cat\/ieslajonquera\/general\/xerrada-de-lassociacio-ffreee-a-batxillerat\/","title":{"rendered":"Xerrada de l&#8217;associaci\u00f3 FFREEE a Batxillerat"},"content":{"rendered":"<p style=\"text-align: justify;\"><a href=\"https:\/\/agora.xtec.cat\/ieslajonquera\/wp-content\/uploads\/usu2014\/2024\/04\/IMG-20240402-WA0008.jpg\"><img loading=\"lazy\" decoding=\"async\" class=\" wp-image-5459 alignleft\" src=\"https:\/\/agora.xtec.cat\/ieslajonquera\/wp-content\/uploads\/usu2014\/2024\/04\/IMG-20240402-WA0008-1024x768.jpg\" alt=\"\" width=\"455\" height=\"341\" srcset=\"https:\/\/agora.xtec.cat\/ieslajonquera\/wp-content\/uploads\/usu2014\/2024\/04\/IMG-20240402-WA0008-1024x768.jpg 1024w, https:\/\/agora.xtec.cat\/ieslajonquera\/wp-content\/uploads\/usu2014\/2024\/04\/IMG-20240402-WA0008-300x225.jpg 300w, https:\/\/agora.xtec.cat\/ieslajonquera\/wp-content\/uploads\/usu2014\/2024\/04\/IMG-20240402-WA0008-768x576.jpg 768w, https:\/\/agora.xtec.cat\/ieslajonquera\/wp-content\/uploads\/usu2014\/2024\/04\/IMG-20240402-WA0008-1536x1152.jpg 1536w, https:\/\/agora.xtec.cat\/ieslajonquera\/wp-content\/uploads\/usu2014\/2024\/04\/IMG-20240402-WA0008-200x150.jpg 200w, https:\/\/agora.xtec.cat\/ieslajonquera\/wp-content\/uploads\/usu2014\/2024\/04\/IMG-20240402-WA0008.jpg 1600w\" sizes=\"auto, (max-width: 455px) 100vw, 455px\" \/><\/a>El passat dimarts 2 d&#8217;abril, la Jacqueline i l&#8217;Emita, representants de l&#8217;associaci\u00f3 FFREEE (Fills i Filles de Republicans Espanyols i Infants de l&#8217;Exili), van fer una xerrada amb l&#8217;alumnat de 1r i 2n de batxillerat amb l&#8217;objectiu d&#8217;explicar les experi\u00e8ncies personals i familiars i les viv\u00e8ncies de l&#8217;exili republic\u00e0 del 1939. Mitjan\u00e7ant la projecci\u00f3 de fotografies, tamb\u00e9 van explicar com era la vida dins del Camp de Concentraci\u00f3 d&#8217;Argelers.<\/p>\n<div class=\"gmail_default\"><\/div>\n","protected":false},"excerpt":{"rendered":"<p><a href=\"https:\/\/agora.xtec.cat\/ieslajonquera\/wp-content\/uploads\/usu2014\/2024\/04\/IMG-20240402-WA0008.jpg\"><\/a>El passat dimarts 2 d&#8217;abril, la Jacqueline i l&#8217;Emita, representants de l&#8217;associaci\u00f3 FFREEE (Fills i Filles de Republicans Espanyols i Infants de l&#8217;Exili), van fer una xerrada amb l&#8217;alumnat de 1r i 2n de batxillerat amb l&#8217;objectiu d&#8217;explicar les experi\u00e8ncies personals i familiars i&hellip;  <a href=\"https:\/\/agora.xtec.cat\/ieslajonquera\/general\/xerrada-de-lassociacio-ffreee-a-batxillerat\/\" title=\"Read Xerrada de l&#8217;associaci\u00f3 FFREEE a Batxillerat\">Llegeix m\u00e9s\u00bb<\/a><\/p>\n","protected":false},"author":3,"featured_media":5459,"comment_status":"open","ping_status":"closed","sticky":false,"template":"","format":"standard","meta":{"_bbp_topic_count":0,"_bbp_reply_count":0,"_bbp_total_topic_count":0,"_bbp_total_reply_count":0,"_bbp_voice_count":0,"_bbp_anonymous_reply_count":0,"_bbp_topic_count_hidden":0,"_bbp_reply_count_hidden":0,"_bbp_forum_subforum_count":0,"footnotes":""},"categories":[8,1],"tags":[145,44],"class_list":["post-5458","post","type-post","status-publish","format-standard","has-post-thumbnail","hentry","category-batxillerat","category-general","tag-historia","tag-xerrades"],"post_mailing_queue_ids":[],"_links":{"self":[{"href":"https:\/\/agora.xtec.cat\/ieslajonquera\/wp-json\/wp\/v2\/posts\/5458","targetHints":{"allow":["GET"]}}],"collection":[{"href":"https:\/\/agora.xtec.cat\/ieslajonquera\/wp-json\/wp\/v2\/posts"}],"about":[{"href":"https:\/\/agora.xtec.cat\/ieslajonquera\/wp-json\/wp\/v2\/types\/post"}],"author":[{"embeddable":true,"href":"https:\/\/agora.xtec.cat\/ieslajonquera\/wp-json\/wp\/v2\/users\/3"}],"replies":[{"embeddable":true,"href":"https:\/\/agora.xtec.cat\/ieslajonquera\/wp-json\/wp\/v2\/comments?post=5458"}],"version-history":[{"count":1,"href":"https:\/\/agora.xtec.cat\/ieslajonquera\/wp-json\/wp\/v2\/posts\/5458\/revisions"}],"predecessor-version":[{"id":5460,"href":"https:\/\/agora.xtec.cat\/ieslajonquera\/wp-json\/wp\/v2\/posts\/5458\/revisions\/5460"}],"wp:featuredmedia":[{"embeddable":true,"href":"https:\/\/agora.xtec.cat\/ieslajonquera\/wp-json\/wp\/v2\/media\/5459"}],"wp:attachment":[{"href":"https:\/\/agora.xtec.cat\/ieslajonquera\/wp-json\/wp\/v2\/media?parent=5458"}],"wp:term":[{"taxonomy":"category","embeddable":true,"href":"https:\/\/agora.xtec.cat\/ieslajonquera\/wp-json\/wp\/v2\/categories?post=5458"},{"taxonomy":"post_tag","embeddable":true,"href":"https:\/\/agora.xtec.cat\/ieslajonquera\/wp-json\/wp\/v2\/tags?post=5458"}],"curies":[{"name":"wp","href":"https:\/\/api.w.org\/{rel}","templated":true}]}}