{"id":5438,"date":"2024-03-22T21:19:57","date_gmt":"2024-03-22T20:19:57","guid":{"rendered":"https:\/\/agora.xtec.cat\/ieslajonquera\/?p=5438"},"modified":"2024-03-22T21:19:57","modified_gmt":"2024-03-22T20:19:57","slug":"grup-reptes-volarem-en-coet","status":"publish","type":"post","link":"https:\/\/agora.xtec.cat\/ieslajonquera\/general\/grup-reptes-volarem-en-coet\/","title":{"rendered":"Grup Reptes: Volarem en coet!"},"content":{"rendered":"<div>\n<p class=\"gmail_default\" style=\"text-align: justify;\"><a href=\"https:\/\/agora.xtec.cat\/ieslajonquera\/wp-content\/uploads\/usu2014\/2024\/03\/Foto_reptes_Cansat1.heic\"><img decoding=\"async\" class=\"alignnone size-full wp-image-5439\" src=\"https:\/\/agora.xtec.cat\/ieslajonquera\/wp-content\/uploads\/usu2014\/2024\/03\/Foto_reptes_Cansat1.heic\" alt=\"\" \/><\/a><a href=\"https:\/\/agora.xtec.cat\/ieslajonquera\/wp-content\/uploads\/usu2014\/2024\/03\/Screenshot_20240322_211718_Instagram.jpg\"><img loading=\"lazy\" decoding=\"async\" class=\"wp-image-5441 alignleft\" src=\"https:\/\/agora.xtec.cat\/ieslajonquera\/wp-content\/uploads\/usu2014\/2024\/03\/Screenshot_20240322_211718_Instagram-1024x1024.jpg\" alt=\"\" width=\"370\" height=\"370\" srcset=\"https:\/\/agora.xtec.cat\/ieslajonquera\/wp-content\/uploads\/usu2014\/2024\/03\/Screenshot_20240322_211718_Instagram-1024x1024.jpg 1024w, https:\/\/agora.xtec.cat\/ieslajonquera\/wp-content\/uploads\/usu2014\/2024\/03\/Screenshot_20240322_211718_Instagram-300x300.jpg 300w, https:\/\/agora.xtec.cat\/ieslajonquera\/wp-content\/uploads\/usu2014\/2024\/03\/Screenshot_20240322_211718_Instagram-150x150.jpg 150w, https:\/\/agora.xtec.cat\/ieslajonquera\/wp-content\/uploads\/usu2014\/2024\/03\/Screenshot_20240322_211718_Instagram-768x769.jpg 768w, https:\/\/agora.xtec.cat\/ieslajonquera\/wp-content\/uploads\/usu2014\/2024\/03\/Screenshot_20240322_211718_Instagram.jpg 1079w\" sizes=\"auto, (max-width: 370px) 100vw, 370px\" \/><\/a>L&#8217;alumnat de 3r i 4t d&#8217;ESO: Iago Meilan, Neus Boix, Nolann Cord\u00f3n, Victor Hern\u00e1ndez i Jad Taligui, integrants de l&#8217;equip DECIANA33 del Grup Reptes del nostre centre, estan participant al concurs CanSat organitzat per l&#8217;Ag\u00e8ncia Espacial Europea. <span style=\"color: #000000;\">Aquest concurs planteja, a estudiants de tota Europa, el repte de construir i llan\u00e7ar un mini sat\u00e8l\u00b7lit de la mida d&#8217;una llauna de refresc. Un CanSat \u00e9s una simulaci\u00f3 d&#8217;un sat\u00e8l\u00b7lit real que ha d&#8217;acomplir una missi\u00f3 prim\u00e0ria plantejada per l&#8217;organitzaci\u00f3 (mesura i enviament de dades a la base en Terra) i una missi\u00f3 secund\u00e0ria elaborada per l&#8217;equip. La nostra missi\u00f3 consisteix en realitzar un aterratge controlat desplegant unes potes que puguin amortir l&#8217;impacte i realitzar algunes mesures complement\u00e0ries amb sensors.\u00a0<\/span><\/p>\n<p class=\"gmail_default\" style=\"text-align: justify;\"><span style=\"color: #000000;\">En la nostra primera participaci\u00f3 al concurs hem aconseguit passar a la fase de llan\u00e7ament regional de Catalunya que es realitzar\u00e0 a l&#8217;aeroport de Lleida-Alguaire el proper 20 d&#8217;abril.\u00a0<\/span><\/p>\n<p class=\"gmail_default\" style=\"text-align: justify;\">El nombre inicial d&#8217;equips participants era d&#8217;uns 110, dels quals vam passar a la segona fase uns 50 i ara hem obtingut una de les 18 places que permet el llan\u00e7ament des d&#8217;un dels 3 coets habilitats per l&#8217;organitzaci\u00f3 per realitzar les missions plantejades pels equips.<\/p>\n<p class=\"gmail_default\" style=\"text-align: justify;\">Esperem fer una bona representaci\u00f3 del nostre centre i sobre tot gaudir d&#8217;aquesta gran oportunitat.<\/p>\n<p class=\"gmail_default\" style=\"text-align: justify;\">Es tracta d&#8217;un gran premi a la nostra feina!!!!<\/p>\n<\/div>\n","protected":false},"excerpt":{"rendered":"<p><a href=\"https:\/\/agora.xtec.cat\/ieslajonquera\/wp-content\/uploads\/usu2014\/2024\/03\/Foto_reptes_Cansat1.heic\"><\/a><a href=\"https:\/\/agora.xtec.cat\/ieslajonquera\/wp-content\/uploads\/usu2014\/2024\/03\/Screenshot_20240322_211718_Instagram.jpg\"><\/a>L&#8217;alumnat de 3r i 4t d&#8217;ESO: Iago Meilan, Neus Boix, Nolann Cord\u00f3n, Victor Hern\u00e1ndez i Jad Taligui, integrants de l&#8217;equip DECIANA33 del Grup Reptes del nostre centre, estan participant al concurs CanSat organitzat per l&#8217;Ag\u00e8ncia Espacial Europea. Aquest concurs planteja, a estudiants de&hellip;  <a href=\"https:\/\/agora.xtec.cat\/ieslajonquera\/general\/grup-reptes-volarem-en-coet\/\" title=\"Read Grup Reptes: Volarem en coet!\">Llegeix m\u00e9s\u00bb<\/a><\/p>\n","protected":false},"author":3,"featured_media":5441,"comment_status":"open","ping_status":"closed","sticky":false,"template":"","format":"standard","meta":{"_bbp_topic_count":0,"_bbp_reply_count":0,"_bbp_total_topic_count":0,"_bbp_total_reply_count":0,"_bbp_voice_count":0,"_bbp_anonymous_reply_count":0,"_bbp_topic_count_hidden":0,"_bbp_reply_count_hidden":0,"_bbp_forum_subforum_count":0,"footnotes":""},"categories":[7,3,1],"tags":[106,171],"class_list":["post-5438","post","type-post","status-publish","format-standard","has-post-thumbnail","hentry","category-eso-4","category-eso","category-general","tag-concurs","tag-reptes"],"post_mailing_queue_ids":[],"_links":{"self":[{"href":"https:\/\/agora.xtec.cat\/ieslajonquera\/wp-json\/wp\/v2\/posts\/5438","targetHints":{"allow":["GET"]}}],"collection":[{"href":"https:\/\/agora.xtec.cat\/ieslajonquera\/wp-json\/wp\/v2\/posts"}],"about":[{"href":"https:\/\/agora.xtec.cat\/ieslajonquera\/wp-json\/wp\/v2\/types\/post"}],"author":[{"embeddable":true,"href":"https:\/\/agora.xtec.cat\/ieslajonquera\/wp-json\/wp\/v2\/users\/3"}],"replies":[{"embeddable":true,"href":"https:\/\/agora.xtec.cat\/ieslajonquera\/wp-json\/wp\/v2\/comments?post=5438"}],"version-history":[{"count":1,"href":"https:\/\/agora.xtec.cat\/ieslajonquera\/wp-json\/wp\/v2\/posts\/5438\/revisions"}],"predecessor-version":[{"id":5442,"href":"https:\/\/agora.xtec.cat\/ieslajonquera\/wp-json\/wp\/v2\/posts\/5438\/revisions\/5442"}],"wp:featuredmedia":[{"embeddable":true,"href":"https:\/\/agora.xtec.cat\/ieslajonquera\/wp-json\/wp\/v2\/media\/5441"}],"wp:attachment":[{"href":"https:\/\/agora.xtec.cat\/ieslajonquera\/wp-json\/wp\/v2\/media?parent=5438"}],"wp:term":[{"taxonomy":"category","embeddable":true,"href":"https:\/\/agora.xtec.cat\/ieslajonquera\/wp-json\/wp\/v2\/categories?post=5438"},{"taxonomy":"post_tag","embeddable":true,"href":"https:\/\/agora.xtec.cat\/ieslajonquera\/wp-json\/wp\/v2\/tags?post=5438"}],"curies":[{"name":"wp","href":"https:\/\/api.w.org\/{rel}","templated":true}]}}