{"id":5435,"date":"2024-03-22T21:09:40","date_gmt":"2024-03-22T20:09:40","guid":{"rendered":"https:\/\/agora.xtec.cat\/ieslajonquera\/?p=5435"},"modified":"2024-03-22T21:09:40","modified_gmt":"2024-03-22T20:09:40","slug":"grup-reptes-tornem-a-lespai","status":"publish","type":"post","link":"https:\/\/agora.xtec.cat\/ieslajonquera\/general\/grup-reptes-tornem-a-lespai\/","title":{"rendered":"Grup Reptes: Tornem a l&#8217;espai!"},"content":{"rendered":"<p style=\"text-align: justify;\"><a href=\"https:\/\/agora.xtec.cat\/ieslajonquera\/wp-content\/uploads\/usu2014\/2024\/03\/Foto_reptes_AstroPi1.jpg\"><img loading=\"lazy\" decoding=\"async\" class=\"wp-image-5436 alignleft\" src=\"https:\/\/agora.xtec.cat\/ieslajonquera\/wp-content\/uploads\/usu2014\/2024\/03\/Foto_reptes_AstroPi1.jpg\" alt=\"\" width=\"275\" height=\"206\" srcset=\"https:\/\/agora.xtec.cat\/ieslajonquera\/wp-content\/uploads\/usu2014\/2024\/03\/Foto_reptes_AstroPi1.jpg 1024w, https:\/\/agora.xtec.cat\/ieslajonquera\/wp-content\/uploads\/usu2014\/2024\/03\/Foto_reptes_AstroPi1-300x225.jpg 300w, https:\/\/agora.xtec.cat\/ieslajonquera\/wp-content\/uploads\/usu2014\/2024\/03\/Foto_reptes_AstroPi1-768x576.jpg 768w, https:\/\/agora.xtec.cat\/ieslajonquera\/wp-content\/uploads\/usu2014\/2024\/03\/Foto_reptes_AstroPi1-200x150.jpg 200w\" sizes=\"auto, (max-width: 275px) 100vw, 275px\" \/><\/a>L&#8217;alumnat de 2n d&#8217;ESO: Eudald Martino, Juli G\u00f3mez, Ma\u00eblle Cord\u00f3n, Sebastian Castillo i Suhaib Hamdouni, integrants del Grup Reptes del nostre centre, estan participant al concurs Astro Pi organitzat per l&#8217;Ag\u00e8ncia Espacial Europea. Aquest concurs, en l&#8217;especialitat Mission Space Lab, ofereix als equips l&#8217;oportunitat de realitzar experiments cient\u00edfics a bord de l&#8217;Estaci\u00f3 Espacial Internacional.<\/p>\n<p style=\"text-align: justify;\">Per\u00a0segon any consecutiu hem aconseguit que el nostre experiment es pugui executar des de l&#8217;espai.\u00a0Aquesta vegada, a partir de la realitzaci\u00f3 d&#8217;unes fotos des de l&#8217;esmentada\u00a0Estaci\u00f3 Espacial Internacional, pretenem determinar experimentalment la velocitat de l&#8217;estaci\u00f3.\u00a0Te\u00f2ricament es mou a uns 7,66 km\/s l&#8217;equivalent a uns 27580 km\/h. A veure si els resultats de la nostra missi\u00f3, que rebrem durant el mes de maig,\u00a0coincideixen amb la realitat.<\/p>\n<p style=\"text-align: justify;\">N&#8217;estem molt contentes!!!!<\/p>\n","protected":false},"excerpt":{"rendered":"<p><a href=\"https:\/\/agora.xtec.cat\/ieslajonquera\/wp-content\/uploads\/usu2014\/2024\/03\/Foto_reptes_AstroPi1.jpg\"><\/a>L&#8217;alumnat de 2n d&#8217;ESO: Eudald Martino, Juli G\u00f3mez, Ma\u00eblle Cord\u00f3n, Sebastian Castillo i Suhaib Hamdouni, integrants del Grup Reptes del nostre centre, estan participant al concurs Astro Pi organitzat per l&#8217;Ag\u00e8ncia Espacial Europea. Aquest concurs, en l&#8217;especialitat Mission Space Lab, ofereix als equips l&#8217;oportunitat&hellip;  <a href=\"https:\/\/agora.xtec.cat\/ieslajonquera\/general\/grup-reptes-tornem-a-lespai\/\" title=\"Read Grup Reptes: Tornem a l&#8217;espai!\">Llegeix m\u00e9s\u00bb<\/a><\/p>\n","protected":false},"author":3,"featured_media":5436,"comment_status":"open","ping_status":"closed","sticky":false,"template":"","format":"standard","meta":{"_bbp_topic_count":0,"_bbp_reply_count":0,"_bbp_total_topic_count":0,"_bbp_total_reply_count":0,"_bbp_voice_count":0,"_bbp_anonymous_reply_count":0,"_bbp_topic_count_hidden":0,"_bbp_reply_count_hidden":0,"_bbp_forum_subforum_count":0,"footnotes":""},"categories":[5,3,1],"tags":[106,171],"class_list":["post-5435","post","type-post","status-publish","format-standard","has-post-thumbnail","hentry","category-eso-2","category-eso","category-general","tag-concurs","tag-reptes"],"post_mailing_queue_ids":[],"_links":{"self":[{"href":"https:\/\/agora.xtec.cat\/ieslajonquera\/wp-json\/wp\/v2\/posts\/5435","targetHints":{"allow":["GET"]}}],"collection":[{"href":"https:\/\/agora.xtec.cat\/ieslajonquera\/wp-json\/wp\/v2\/posts"}],"about":[{"href":"https:\/\/agora.xtec.cat\/ieslajonquera\/wp-json\/wp\/v2\/types\/post"}],"author":[{"embeddable":true,"href":"https:\/\/agora.xtec.cat\/ieslajonquera\/wp-json\/wp\/v2\/users\/3"}],"replies":[{"embeddable":true,"href":"https:\/\/agora.xtec.cat\/ieslajonquera\/wp-json\/wp\/v2\/comments?post=5435"}],"version-history":[{"count":1,"href":"https:\/\/agora.xtec.cat\/ieslajonquera\/wp-json\/wp\/v2\/posts\/5435\/revisions"}],"predecessor-version":[{"id":5437,"href":"https:\/\/agora.xtec.cat\/ieslajonquera\/wp-json\/wp\/v2\/posts\/5435\/revisions\/5437"}],"wp:featuredmedia":[{"embeddable":true,"href":"https:\/\/agora.xtec.cat\/ieslajonquera\/wp-json\/wp\/v2\/media\/5436"}],"wp:attachment":[{"href":"https:\/\/agora.xtec.cat\/ieslajonquera\/wp-json\/wp\/v2\/media?parent=5435"}],"wp:term":[{"taxonomy":"category","embeddable":true,"href":"https:\/\/agora.xtec.cat\/ieslajonquera\/wp-json\/wp\/v2\/categories?post=5435"},{"taxonomy":"post_tag","embeddable":true,"href":"https:\/\/agora.xtec.cat\/ieslajonquera\/wp-json\/wp\/v2\/tags?post=5435"}],"curies":[{"name":"wp","href":"https:\/\/api.w.org\/{rel}","templated":true}]}}