{"id":5432,"date":"2024-03-22T21:02:57","date_gmt":"2024-03-22T20:02:57","guid":{"rendered":"https:\/\/agora.xtec.cat\/ieslajonquera\/?p=5432"},"modified":"2024-03-22T21:03:17","modified_gmt":"2024-03-22T20:03:17","slug":"visita-a-expojove-girona","status":"publish","type":"post","link":"https:\/\/agora.xtec.cat\/ieslajonquera\/general\/visita-a-expojove-girona\/","title":{"rendered":"Visita a Expojove Girona"},"content":{"rendered":"<p><a href=\"https:\/\/agora.xtec.cat\/ieslajonquera\/wp-content\/uploads\/usu2014\/2024\/03\/IMG_76731-rotated.jpg\"><img loading=\"lazy\" decoding=\"async\" class=\"wp-image-5433 alignleft\" src=\"https:\/\/agora.xtec.cat\/ieslajonquera\/wp-content\/uploads\/usu2014\/2024\/03\/IMG_76731-rotated.jpg\" alt=\"\" width=\"253\" height=\"337\" srcset=\"https:\/\/agora.xtec.cat\/ieslajonquera\/wp-content\/uploads\/usu2014\/2024\/03\/IMG_76731-rotated.jpg 768w, https:\/\/agora.xtec.cat\/ieslajonquera\/wp-content\/uploads\/usu2014\/2024\/03\/IMG_76731-225x300.jpg 225w\" sizes=\"auto, (max-width: 253px) 100vw, 253px\" \/><\/a>El passat dimecres 20 de mar\u00e7, els alumnes de 4t de l\u2019ESO van anar a visitar Expojove Girona per acabar d\u2019informar-se sobre les diverses opcions formatives de l&#8217;educaci\u00f3 postobligat\u00f2ria.<\/p>\n<p>Les dates de la preinscripci\u00f3 al Batxillerat s\u00f3n del 18 al 25 d\u2019abril i les de Grau Mitj\u00e0, del 24 al 30 de maig.<\/p>\n<p>El 16 d\u2019abril es far\u00e0 la reuni\u00f3 sobre l\u2019orientaci\u00f3 postobligat\u00f2ria per a les fam\u00edlies.<\/p>\n","protected":false},"excerpt":{"rendered":"<p><a href=\"https:\/\/agora.xtec.cat\/ieslajonquera\/wp-content\/uploads\/usu2014\/2024\/03\/IMG_76731-rotated.jpg\"><\/a>El passat dimecres 20 de mar\u00e7, els alumnes de 4t de l\u2019ESO van anar a visitar Expojove Girona per acabar d\u2019informar-se sobre les diverses opcions formatives de l&#8217;educaci\u00f3 postobligat\u00f2ria.<br \/>\nLes dates de la preinscripci\u00f3 al Batxillerat s\u00f3n del 18 al 25 d\u2019abril i les de&hellip;  <a href=\"https:\/\/agora.xtec.cat\/ieslajonquera\/general\/visita-a-expojove-girona\/\" title=\"Read Visita a Expojove Girona\">Llegeix m\u00e9s\u00bb<\/a><\/p>\n","protected":false},"author":3,"featured_media":5433,"comment_status":"open","ping_status":"closed","sticky":false,"template":"","format":"standard","meta":{"_bbp_topic_count":0,"_bbp_reply_count":0,"_bbp_total_topic_count":0,"_bbp_total_reply_count":0,"_bbp_voice_count":0,"_bbp_anonymous_reply_count":0,"_bbp_topic_count_hidden":0,"_bbp_reply_count_hidden":0,"_bbp_forum_subforum_count":0,"footnotes":""},"categories":[7,3,1],"tags":[139,39],"class_list":["post-5432","post","type-post","status-publish","format-standard","has-post-thumbnail","hentry","category-eso-4","category-eso","category-general","tag-orientacio","tag-sortides"],"post_mailing_queue_ids":[],"_links":{"self":[{"href":"https:\/\/agora.xtec.cat\/ieslajonquera\/wp-json\/wp\/v2\/posts\/5432","targetHints":{"allow":["GET"]}}],"collection":[{"href":"https:\/\/agora.xtec.cat\/ieslajonquera\/wp-json\/wp\/v2\/posts"}],"about":[{"href":"https:\/\/agora.xtec.cat\/ieslajonquera\/wp-json\/wp\/v2\/types\/post"}],"author":[{"embeddable":true,"href":"https:\/\/agora.xtec.cat\/ieslajonquera\/wp-json\/wp\/v2\/users\/3"}],"replies":[{"embeddable":true,"href":"https:\/\/agora.xtec.cat\/ieslajonquera\/wp-json\/wp\/v2\/comments?post=5432"}],"version-history":[{"count":1,"href":"https:\/\/agora.xtec.cat\/ieslajonquera\/wp-json\/wp\/v2\/posts\/5432\/revisions"}],"predecessor-version":[{"id":5434,"href":"https:\/\/agora.xtec.cat\/ieslajonquera\/wp-json\/wp\/v2\/posts\/5432\/revisions\/5434"}],"wp:featuredmedia":[{"embeddable":true,"href":"https:\/\/agora.xtec.cat\/ieslajonquera\/wp-json\/wp\/v2\/media\/5433"}],"wp:attachment":[{"href":"https:\/\/agora.xtec.cat\/ieslajonquera\/wp-json\/wp\/v2\/media?parent=5432"}],"wp:term":[{"taxonomy":"category","embeddable":true,"href":"https:\/\/agora.xtec.cat\/ieslajonquera\/wp-json\/wp\/v2\/categories?post=5432"},{"taxonomy":"post_tag","embeddable":true,"href":"https:\/\/agora.xtec.cat\/ieslajonquera\/wp-json\/wp\/v2\/tags?post=5432"}],"curies":[{"name":"wp","href":"https:\/\/api.w.org\/{rel}","templated":true}]}}