{"id":5429,"date":"2024-03-22T20:51:27","date_gmt":"2024-03-22T19:51:27","guid":{"rendered":"https:\/\/agora.xtec.cat\/ieslajonquera\/?p=5429"},"modified":"2024-03-22T20:52:07","modified_gmt":"2024-03-22T19:52:07","slug":"en-pitu-tries-ens-ve-a-visitar","status":"publish","type":"post","link":"https:\/\/agora.xtec.cat\/ieslajonquera\/general\/en-pitu-tries-ens-ve-a-visitar\/","title":{"rendered":"En Pitu Tries ens ve a visitar!"},"content":{"rendered":"<p><a href=\"https:\/\/agora.xtec.cat\/ieslajonquera\/wp-content\/uploads\/usu2014\/2024\/03\/20240201_12382911-rotated.jpg\"><img loading=\"lazy\" decoding=\"async\" class=\"wp-image-5430 alignleft\" src=\"https:\/\/agora.xtec.cat\/ieslajonquera\/wp-content\/uploads\/usu2014\/2024\/03\/20240201_12382911-rotated.jpg\" alt=\"\" width=\"261\" height=\"348\" \/><\/a>Al llarg dels \u00faltims mesos ens ha vingut a visitar uns quants cops en Pitu Tries i ha fet xerrades als quatre cursos de l&#8217;ESO sobre la gesti\u00f3 de residus en l&#8217;\u00e0mbit dom\u00e8stic.<\/p>\n<p>Esperem que aquesta iniciativa, promoguda per la Comissi\u00f3 d&#8217;Escoles Verdes, hagi servit per prendre consci\u00e8ncia sobre la import\u00e0ncia del reciclatge de les escombraries.<\/p>\n<p>&nbsp;<\/p>\n","protected":false},"excerpt":{"rendered":"<p><a href=\"https:\/\/agora.xtec.cat\/ieslajonquera\/wp-content\/uploads\/usu2014\/2024\/03\/20240201_12382911-rotated.jpg\"><\/a>Al llarg dels \u00faltims mesos ens ha vingut a visitar uns quants cops en Pitu Tries i ha fet xerrades als quatre cursos de l&#8217;ESO sobre la gesti\u00f3 de residus en l&#8217;\u00e0mbit dom\u00e8stic.<br \/>\nEsperem que aquesta iniciativa, promoguda per la Comissi\u00f3 d&#8217;Escoles Verdes, hagi servit&hellip;  <a href=\"https:\/\/agora.xtec.cat\/ieslajonquera\/general\/en-pitu-tries-ens-ve-a-visitar\/\" title=\"Read En Pitu Tries ens ve a visitar!\">Llegeix m\u00e9s\u00bb<\/a><\/p>\n","protected":false},"author":3,"featured_media":5430,"comment_status":"open","ping_status":"closed","sticky":false,"template":"","format":"standard","meta":{"_bbp_topic_count":0,"_bbp_reply_count":0,"_bbp_total_topic_count":0,"_bbp_total_reply_count":0,"_bbp_voice_count":0,"_bbp_anonymous_reply_count":0,"_bbp_topic_count_hidden":0,"_bbp_reply_count_hidden":0,"_bbp_forum_subforum_count":0,"footnotes":""},"categories":[3,1],"tags":[157,128,44],"class_list":["post-5429","post","type-post","status-publish","format-standard","has-post-thumbnail","hentry","category-eso","category-general","tag-escola-verda","tag-sostenibilitat","tag-xerrades"],"post_mailing_queue_ids":[],"_links":{"self":[{"href":"https:\/\/agora.xtec.cat\/ieslajonquera\/wp-json\/wp\/v2\/posts\/5429","targetHints":{"allow":["GET"]}}],"collection":[{"href":"https:\/\/agora.xtec.cat\/ieslajonquera\/wp-json\/wp\/v2\/posts"}],"about":[{"href":"https:\/\/agora.xtec.cat\/ieslajonquera\/wp-json\/wp\/v2\/types\/post"}],"author":[{"embeddable":true,"href":"https:\/\/agora.xtec.cat\/ieslajonquera\/wp-json\/wp\/v2\/users\/3"}],"replies":[{"embeddable":true,"href":"https:\/\/agora.xtec.cat\/ieslajonquera\/wp-json\/wp\/v2\/comments?post=5429"}],"version-history":[{"count":1,"href":"https:\/\/agora.xtec.cat\/ieslajonquera\/wp-json\/wp\/v2\/posts\/5429\/revisions"}],"predecessor-version":[{"id":5431,"href":"https:\/\/agora.xtec.cat\/ieslajonquera\/wp-json\/wp\/v2\/posts\/5429\/revisions\/5431"}],"wp:featuredmedia":[{"embeddable":true,"href":"https:\/\/agora.xtec.cat\/ieslajonquera\/wp-json\/wp\/v2\/media\/5430"}],"wp:attachment":[{"href":"https:\/\/agora.xtec.cat\/ieslajonquera\/wp-json\/wp\/v2\/media?parent=5429"}],"wp:term":[{"taxonomy":"category","embeddable":true,"href":"https:\/\/agora.xtec.cat\/ieslajonquera\/wp-json\/wp\/v2\/categories?post=5429"},{"taxonomy":"post_tag","embeddable":true,"href":"https:\/\/agora.xtec.cat\/ieslajonquera\/wp-json\/wp\/v2\/tags?post=5429"}],"curies":[{"name":"wp","href":"https:\/\/api.w.org\/{rel}","templated":true}]}}