{"id":5423,"date":"2024-03-18T11:20:47","date_gmt":"2024-03-18T10:20:47","guid":{"rendered":"https:\/\/agora.xtec.cat\/ieslajonquera\/?p=5423"},"modified":"2024-03-18T11:20:47","modified_gmt":"2024-03-18T10:20:47","slug":"sortida-a-barcelona-a-batxillerat","status":"publish","type":"post","link":"https:\/\/agora.xtec.cat\/ieslajonquera\/general\/sortida-a-barcelona-a-batxillerat\/","title":{"rendered":"Sortida a Barcelona a Batxillerat"},"content":{"rendered":"<p style=\"text-align: justify;\">El passat dijous, 14 de mar\u00e7, l&#8217;alumnat de 1r i 2n de Batxillerat va anar a passar el dia a Barcelona amb la finalitat de fer les seg\u00fcents activitats:<\/p>\n<p style=\"text-align: justify;\">Primer de Batxillerat: Al mat\u00ed van visitar la Sagrada Fam\u00edlia i a la tarda els del batxillerat human\u00edstic van fer una ruta liter\u00e0ria per Ciutat Vella, el Barri G\u00f2tic i el Born, mentre que els del batxillerat cient\u00edfic van visitar la Unitat de Neonatologia de l&#8217;Hospital Cl\u00ednic.<\/p>\n<p style=\"text-align: justify;\">Podeu veure algunes fotos de la sortida en aquest <a href=\"https:\/\/drive.google.com\/drive\/folders\/1fwdYg5ak0E0EeZf-UTznDV72k3dQ0gXz?usp=sharing\">enlla\u00e7<\/a>.<\/p>\n<p style=\"text-align: justify;\">Segon de Batxillerat: Al mat\u00ed l&#8217;alumnat de Llat\u00ed va fer una ruta per la Barcino romana, mentre que el d&#8217;hist\u00f2ria va fer-ne una altra pels principals escenaris de la Guerra Civil; a la tarda van visitar el Sal\u00f3 de l&#8217;Ensenyament.<\/p>\n<p style=\"text-align: justify;\">Podeu veure algunes fotos de la sortida en aquest <a href=\"https:\/\/drive.google.com\/drive\/folders\/1wafS962ep95UFqebGN9Qqn11zKaAOxbB?usp=sharing\">enlla\u00e7<\/a>.<\/p>\n<p><a href=\"https:\/\/agora.xtec.cat\/ieslajonquera\/wp-content\/uploads\/usu2014\/2024\/03\/IMG-20240314-WA0014.jpg\"><img loading=\"lazy\" decoding=\"async\" class=\"alignnone  wp-image-5427\" src=\"https:\/\/agora.xtec.cat\/ieslajonquera\/wp-content\/uploads\/usu2014\/2024\/03\/IMG-20240314-WA0014-768x1024.jpg\" alt=\"\" width=\"183\" height=\"244\" srcset=\"https:\/\/agora.xtec.cat\/ieslajonquera\/wp-content\/uploads\/usu2014\/2024\/03\/IMG-20240314-WA0014-768x1024.jpg 768w, https:\/\/agora.xtec.cat\/ieslajonquera\/wp-content\/uploads\/usu2014\/2024\/03\/IMG-20240314-WA0014-225x300.jpg 225w, https:\/\/agora.xtec.cat\/ieslajonquera\/wp-content\/uploads\/usu2014\/2024\/03\/IMG-20240314-WA0014-1152x1536.jpg 1152w, https:\/\/agora.xtec.cat\/ieslajonquera\/wp-content\/uploads\/usu2014\/2024\/03\/IMG-20240314-WA0014.jpg 1200w\" sizes=\"auto, (max-width: 183px) 100vw, 183px\" \/>\u00a0 <\/a><a href=\"https:\/\/agora.xtec.cat\/ieslajonquera\/wp-content\/uploads\/usu2014\/2024\/03\/IMG-20240315-WA0001.jpg\"><img loading=\"lazy\" decoding=\"async\" class=\"alignnone  wp-image-5426\" src=\"https:\/\/agora.xtec.cat\/ieslajonquera\/wp-content\/uploads\/usu2014\/2024\/03\/IMG-20240315-WA0001-1024x768.jpg\" alt=\"\" width=\"324\" height=\"243\" srcset=\"https:\/\/agora.xtec.cat\/ieslajonquera\/wp-content\/uploads\/usu2014\/2024\/03\/IMG-20240315-WA0001-1024x768.jpg 1024w, https:\/\/agora.xtec.cat\/ieslajonquera\/wp-content\/uploads\/usu2014\/2024\/03\/IMG-20240315-WA0001-300x225.jpg 300w, https:\/\/agora.xtec.cat\/ieslajonquera\/wp-content\/uploads\/usu2014\/2024\/03\/IMG-20240315-WA0001-768x576.jpg 768w, https:\/\/agora.xtec.cat\/ieslajonquera\/wp-content\/uploads\/usu2014\/2024\/03\/IMG-20240315-WA0001-1536x1152.jpg 1536w, https:\/\/agora.xtec.cat\/ieslajonquera\/wp-content\/uploads\/usu2014\/2024\/03\/IMG-20240315-WA0001-200x150.jpg 200w, https:\/\/agora.xtec.cat\/ieslajonquera\/wp-content\/uploads\/usu2014\/2024\/03\/IMG-20240315-WA0001.jpg 2048w\" sizes=\"auto, (max-width: 324px) 100vw, 324px\" \/><\/a><\/p>\n","protected":false},"excerpt":{"rendered":"<p>El passat dijous, 14 de mar\u00e7, l&#8217;alumnat de 1r i 2n de Batxillerat va anar a passar el dia a Barcelona amb la finalitat de fer les seg\u00fcents activitats:<br \/>\nPrimer de Batxillerat: Al mat\u00ed van visitar la Sagrada Fam\u00edlia i a la tarda els del batxillerat&hellip;  <a href=\"https:\/\/agora.xtec.cat\/ieslajonquera\/general\/sortida-a-barcelona-a-batxillerat\/\" title=\"Read Sortida a Barcelona a Batxillerat\">Llegeix m\u00e9s\u00bb<\/a><\/p>\n","protected":false},"author":3,"featured_media":5427,"comment_status":"open","ping_status":"closed","sticky":false,"template":"","format":"standard","meta":{"_bbp_topic_count":0,"_bbp_reply_count":0,"_bbp_total_topic_count":0,"_bbp_total_reply_count":0,"_bbp_voice_count":0,"_bbp_anonymous_reply_count":0,"_bbp_topic_count_hidden":0,"_bbp_reply_count_hidden":0,"_bbp_forum_subforum_count":0,"footnotes":""},"categories":[8,1],"tags":[39],"class_list":["post-5423","post","type-post","status-publish","format-standard","has-post-thumbnail","hentry","category-batxillerat","category-general","tag-sortides"],"post_mailing_queue_ids":[],"_links":{"self":[{"href":"https:\/\/agora.xtec.cat\/ieslajonquera\/wp-json\/wp\/v2\/posts\/5423","targetHints":{"allow":["GET"]}}],"collection":[{"href":"https:\/\/agora.xtec.cat\/ieslajonquera\/wp-json\/wp\/v2\/posts"}],"about":[{"href":"https:\/\/agora.xtec.cat\/ieslajonquera\/wp-json\/wp\/v2\/types\/post"}],"author":[{"embeddable":true,"href":"https:\/\/agora.xtec.cat\/ieslajonquera\/wp-json\/wp\/v2\/users\/3"}],"replies":[{"embeddable":true,"href":"https:\/\/agora.xtec.cat\/ieslajonquera\/wp-json\/wp\/v2\/comments?post=5423"}],"version-history":[{"count":1,"href":"https:\/\/agora.xtec.cat\/ieslajonquera\/wp-json\/wp\/v2\/posts\/5423\/revisions"}],"predecessor-version":[{"id":5428,"href":"https:\/\/agora.xtec.cat\/ieslajonquera\/wp-json\/wp\/v2\/posts\/5423\/revisions\/5428"}],"wp:featuredmedia":[{"embeddable":true,"href":"https:\/\/agora.xtec.cat\/ieslajonquera\/wp-json\/wp\/v2\/media\/5427"}],"wp:attachment":[{"href":"https:\/\/agora.xtec.cat\/ieslajonquera\/wp-json\/wp\/v2\/media?parent=5423"}],"wp:term":[{"taxonomy":"category","embeddable":true,"href":"https:\/\/agora.xtec.cat\/ieslajonquera\/wp-json\/wp\/v2\/categories?post=5423"},{"taxonomy":"post_tag","embeddable":true,"href":"https:\/\/agora.xtec.cat\/ieslajonquera\/wp-json\/wp\/v2\/tags?post=5423"}],"curies":[{"name":"wp","href":"https:\/\/api.w.org\/{rel}","templated":true}]}}