{"id":5399,"date":"2024-03-15T11:49:07","date_gmt":"2024-03-15T10:49:07","guid":{"rendered":"https:\/\/agora.xtec.cat\/ieslajonquera\/?p=5399"},"modified":"2024-03-15T11:51:05","modified_gmt":"2024-03-15T10:51:05","slug":"trobada-descoles-verdes","status":"publish","type":"post","link":"https:\/\/agora.xtec.cat\/ieslajonquera\/general\/trobada-descoles-verdes\/","title":{"rendered":"Trobada d&#8217;Escoles Verdes"},"content":{"rendered":"<p style=\"text-align: justify;\">El passat dijous 7 de mar\u00e7, l&#8217;alumnat de 2n i 3r d&#8217;ESO que forma part del comit\u00e8 d&#8217;Escoles Verdes va assistir a la trobada amb altres instituts de l&#8217;Alt Empord\u00e0 que va tenir lloc al Parc Natural del Montgr\u00ed.<\/p>\n<p style=\"text-align: justify;\"><a href=\"https:\/\/agora.xtec.cat\/ieslajonquera\/wp-content\/uploads\/usu2014\/2024\/03\/IMG-20240310-WA0015.jpg\"><img loading=\"lazy\" decoding=\"async\" class=\"wp-image-5400 aligncenter\" src=\"https:\/\/agora.xtec.cat\/ieslajonquera\/wp-content\/uploads\/usu2014\/2024\/03\/IMG-20240310-WA0015-1024x472.jpg\" alt=\"\" width=\"713\" height=\"329\" srcset=\"https:\/\/agora.xtec.cat\/ieslajonquera\/wp-content\/uploads\/usu2014\/2024\/03\/IMG-20240310-WA0015-1024x472.jpg 1024w, https:\/\/agora.xtec.cat\/ieslajonquera\/wp-content\/uploads\/usu2014\/2024\/03\/IMG-20240310-WA0015-300x138.jpg 300w, https:\/\/agora.xtec.cat\/ieslajonquera\/wp-content\/uploads\/usu2014\/2024\/03\/IMG-20240310-WA0015-768x354.jpg 768w, https:\/\/agora.xtec.cat\/ieslajonquera\/wp-content\/uploads\/usu2014\/2024\/03\/IMG-20240310-WA0015-1536x708.jpg 1536w, https:\/\/agora.xtec.cat\/ieslajonquera\/wp-content\/uploads\/usu2014\/2024\/03\/IMG-20240310-WA0015.jpg 1600w\" sizes=\"auto, (max-width: 713px) 100vw, 713px\" \/><\/a><\/p>\n","protected":false},"excerpt":{"rendered":"<p>El passat dijous 7 de mar\u00e7, l&#8217;alumnat de 2n i 3r d&#8217;ESO que forma part del comit\u00e8 d&#8217;Escoles Verdes va assistir a la trobada amb altres instituts de l&#8217;Alt Empord\u00e0 que va tenir lloc al Parc Natural del Montgr\u00ed.<br \/>\n<a href=\"https:\/\/agora.xtec.cat\/ieslajonquera\/wp-content\/uploads\/usu2014\/2024\/03\/IMG-20240310-WA0015.jpg\"><\/a><\/p>\n","protected":false},"author":3,"featured_media":5400,"comment_status":"open","ping_status":"closed","sticky":false,"template":"","format":"standard","meta":{"_bbp_topic_count":0,"_bbp_reply_count":0,"_bbp_total_topic_count":0,"_bbp_total_reply_count":0,"_bbp_voice_count":0,"_bbp_anonymous_reply_count":0,"_bbp_topic_count_hidden":0,"_bbp_reply_count_hidden":0,"_bbp_forum_subforum_count":0,"footnotes":""},"categories":[3,1],"tags":[157],"class_list":["post-5399","post","type-post","status-publish","format-standard","has-post-thumbnail","hentry","category-eso","category-general","tag-escola-verda"],"post_mailing_queue_ids":[],"_links":{"self":[{"href":"https:\/\/agora.xtec.cat\/ieslajonquera\/wp-json\/wp\/v2\/posts\/5399","targetHints":{"allow":["GET"]}}],"collection":[{"href":"https:\/\/agora.xtec.cat\/ieslajonquera\/wp-json\/wp\/v2\/posts"}],"about":[{"href":"https:\/\/agora.xtec.cat\/ieslajonquera\/wp-json\/wp\/v2\/types\/post"}],"author":[{"embeddable":true,"href":"https:\/\/agora.xtec.cat\/ieslajonquera\/wp-json\/wp\/v2\/users\/3"}],"replies":[{"embeddable":true,"href":"https:\/\/agora.xtec.cat\/ieslajonquera\/wp-json\/wp\/v2\/comments?post=5399"}],"version-history":[{"count":2,"href":"https:\/\/agora.xtec.cat\/ieslajonquera\/wp-json\/wp\/v2\/posts\/5399\/revisions"}],"predecessor-version":[{"id":5402,"href":"https:\/\/agora.xtec.cat\/ieslajonquera\/wp-json\/wp\/v2\/posts\/5399\/revisions\/5402"}],"wp:featuredmedia":[{"embeddable":true,"href":"https:\/\/agora.xtec.cat\/ieslajonquera\/wp-json\/wp\/v2\/media\/5400"}],"wp:attachment":[{"href":"https:\/\/agora.xtec.cat\/ieslajonquera\/wp-json\/wp\/v2\/media?parent=5399"}],"wp:term":[{"taxonomy":"category","embeddable":true,"href":"https:\/\/agora.xtec.cat\/ieslajonquera\/wp-json\/wp\/v2\/categories?post=5399"},{"taxonomy":"post_tag","embeddable":true,"href":"https:\/\/agora.xtec.cat\/ieslajonquera\/wp-json\/wp\/v2\/tags?post=5399"}],"curies":[{"name":"wp","href":"https:\/\/api.w.org\/{rel}","templated":true}]}}