{"id":5379,"date":"2024-03-14T14:16:17","date_gmt":"2024-03-14T13:16:17","guid":{"rendered":"https:\/\/agora.xtec.cat\/ieslajonquera\/?p=5379"},"modified":"2024-03-14T14:17:39","modified_gmt":"2024-03-14T13:17:39","slug":"la-celebracio-del-8-de-marc-al-centre","status":"publish","type":"post","link":"https:\/\/agora.xtec.cat\/ieslajonquera\/general\/la-celebracio-del-8-de-marc-al-centre\/","title":{"rendered":"La celebraci\u00f3 del 8 de mar\u00e7 al centre"},"content":{"rendered":"<p style=\"text-align: justify;\">A continuaci\u00f3 us expliquem algunes de les activitats de commemoraci\u00f3 del 8 de mar\u00e7 portades a terme al nostre centre i coordinades per la Comissi\u00f3 de Coeducaci\u00f3:<\/p>\n<table style=\"border-collapse: collapse; width: 100%;\">\n<tbody>\n<tr>\n<td style=\"width: 20%;\"><a href=\"https:\/\/agora.xtec.cat\/ieslajonquera\/wp-content\/uploads\/usu2014\/2024\/03\/IMG-20240308-WA0003.jpg\"><img loading=\"lazy\" decoding=\"async\" class=\"alignnone size-full wp-image-5388\" src=\"https:\/\/agora.xtec.cat\/ieslajonquera\/wp-content\/uploads\/usu2014\/2024\/03\/IMG-20240308-WA0003.jpg\" alt=\"\" width=\"768\" height=\"1024\" srcset=\"https:\/\/agora.xtec.cat\/ieslajonquera\/wp-content\/uploads\/usu2014\/2024\/03\/IMG-20240308-WA0003.jpg 768w, https:\/\/agora.xtec.cat\/ieslajonquera\/wp-content\/uploads\/usu2014\/2024\/03\/IMG-20240308-WA0003-225x300.jpg 225w\" sizes=\"auto, (max-width: 768px) 100vw, 768px\" \/><\/a><\/td>\n<td style=\"width: 20%;\"><a href=\"https:\/\/agora.xtec.cat\/ieslajonquera\/wp-content\/uploads\/usu2014\/2024\/03\/IMG-20240310-WA0012.jpg\"><img loading=\"lazy\" decoding=\"async\" class=\"alignnone size-large wp-image-5392\" src=\"https:\/\/agora.xtec.cat\/ieslajonquera\/wp-content\/uploads\/usu2014\/2024\/03\/IMG-20240310-WA0012-1024x768.jpg\" alt=\"\" width=\"1024\" height=\"768\" srcset=\"https:\/\/agora.xtec.cat\/ieslajonquera\/wp-content\/uploads\/usu2014\/2024\/03\/IMG-20240310-WA0012-1024x768.jpg 1024w, https:\/\/agora.xtec.cat\/ieslajonquera\/wp-content\/uploads\/usu2014\/2024\/03\/IMG-20240310-WA0012-300x225.jpg 300w, https:\/\/agora.xtec.cat\/ieslajonquera\/wp-content\/uploads\/usu2014\/2024\/03\/IMG-20240310-WA0012-768x576.jpg 768w, https:\/\/agora.xtec.cat\/ieslajonquera\/wp-content\/uploads\/usu2014\/2024\/03\/IMG-20240310-WA0012-1536x1152.jpg 1536w, https:\/\/agora.xtec.cat\/ieslajonquera\/wp-content\/uploads\/usu2014\/2024\/03\/IMG-20240310-WA0012-200x150.jpg 200w, https:\/\/agora.xtec.cat\/ieslajonquera\/wp-content\/uploads\/usu2014\/2024\/03\/IMG-20240310-WA0012.jpg 1600w\" sizes=\"auto, (max-width: 1024px) 100vw, 1024px\" \/><\/a><a href=\"https:\/\/agora.xtec.cat\/ieslajonquera\/wp-content\/uploads\/usu2014\/2024\/03\/IMG-20240310-WA0011.jpg\"><img loading=\"lazy\" decoding=\"async\" class=\"alignnone size-large wp-image-5389\" src=\"https:\/\/agora.xtec.cat\/ieslajonquera\/wp-content\/uploads\/usu2014\/2024\/03\/IMG-20240310-WA0011-1024x768.jpg\" alt=\"\" width=\"1024\" height=\"768\" srcset=\"https:\/\/agora.xtec.cat\/ieslajonquera\/wp-content\/uploads\/usu2014\/2024\/03\/IMG-20240310-WA0011-1024x768.jpg 1024w, https:\/\/agora.xtec.cat\/ieslajonquera\/wp-content\/uploads\/usu2014\/2024\/03\/IMG-20240310-WA0011-300x225.jpg 300w, https:\/\/agora.xtec.cat\/ieslajonquera\/wp-content\/uploads\/usu2014\/2024\/03\/IMG-20240310-WA0011-768x576.jpg 768w, https:\/\/agora.xtec.cat\/ieslajonquera\/wp-content\/uploads\/usu2014\/2024\/03\/IMG-20240310-WA0011-1536x1152.jpg 1536w, https:\/\/agora.xtec.cat\/ieslajonquera\/wp-content\/uploads\/usu2014\/2024\/03\/IMG-20240310-WA0011-200x150.jpg 200w, https:\/\/agora.xtec.cat\/ieslajonquera\/wp-content\/uploads\/usu2014\/2024\/03\/IMG-20240310-WA0011.jpg 1600w\" sizes=\"auto, (max-width: 1024px) 100vw, 1024px\" \/><\/a><\/td>\n<td style=\"width: 20%;\"><a href=\"https:\/\/agora.xtec.cat\/ieslajonquera\/wp-content\/uploads\/usu2014\/2024\/03\/IMG-20240310-WA0005.jpg\"><img loading=\"lazy\" decoding=\"async\" class=\"alignnone size-large wp-image-5390\" src=\"https:\/\/agora.xtec.cat\/ieslajonquera\/wp-content\/uploads\/usu2014\/2024\/03\/IMG-20240310-WA0005-768x1024.jpg\" alt=\"\" width=\"768\" height=\"1024\" srcset=\"https:\/\/agora.xtec.cat\/ieslajonquera\/wp-content\/uploads\/usu2014\/2024\/03\/IMG-20240310-WA0005-768x1024.jpg 768w, https:\/\/agora.xtec.cat\/ieslajonquera\/wp-content\/uploads\/usu2014\/2024\/03\/IMG-20240310-WA0005-225x300.jpg 225w, https:\/\/agora.xtec.cat\/ieslajonquera\/wp-content\/uploads\/usu2014\/2024\/03\/IMG-20240310-WA0005-1152x1536.jpg 1152w, https:\/\/agora.xtec.cat\/ieslajonquera\/wp-content\/uploads\/usu2014\/2024\/03\/IMG-20240310-WA0005.jpg 1200w\" sizes=\"auto, (max-width: 768px) 100vw, 768px\" \/><\/a><\/td>\n<td style=\"width: 20%;\"><a href=\"https:\/\/agora.xtec.cat\/ieslajonquera\/wp-content\/uploads\/usu2014\/2024\/03\/IMG-20240310-WA0007.jpg\"><img loading=\"lazy\" decoding=\"async\" class=\"alignnone size-large wp-image-5391\" src=\"https:\/\/agora.xtec.cat\/ieslajonquera\/wp-content\/uploads\/usu2014\/2024\/03\/IMG-20240310-WA0007-768x1024.jpg\" alt=\"\" width=\"768\" height=\"1024\" srcset=\"https:\/\/agora.xtec.cat\/ieslajonquera\/wp-content\/uploads\/usu2014\/2024\/03\/IMG-20240310-WA0007-768x1024.jpg 768w, https:\/\/agora.xtec.cat\/ieslajonquera\/wp-content\/uploads\/usu2014\/2024\/03\/IMG-20240310-WA0007-225x300.jpg 225w, https:\/\/agora.xtec.cat\/ieslajonquera\/wp-content\/uploads\/usu2014\/2024\/03\/IMG-20240310-WA0007-1152x1536.jpg 1152w, https:\/\/agora.xtec.cat\/ieslajonquera\/wp-content\/uploads\/usu2014\/2024\/03\/IMG-20240310-WA0007.jpg 1200w\" sizes=\"auto, (max-width: 768px) 100vw, 768px\" \/><\/a><\/td>\n<\/tr>\n<\/tbody>\n<\/table>\n<p style=\"text-align: justify;\">Elaboraci\u00f3 del mural &#8220;Juntes&#8221; al 1r pis de l&#8217;institut. La fotografia \u00e9s amb totes les alumnes que hi van voler sortir.<\/p>\n<p style=\"text-align: justify;\">Treball sobre les dones m\u00e9s importants de l&#8217;Edat Antiga a 1r d&#8217;ESO des de la mat\u00e8ria de Socials.<\/p>\n<p style=\"text-align: justify;\">Gravaci\u00f3 per part de la Comissi\u00f3 de Coeducaci\u00f3 d&#8217;un v\u00eddeo en qu\u00e8 hi va participar tot l&#8217;institut.<\/p>\n<p style=\"text-align: justify;\">Assist\u00e8ncia a l&#8217;acte organitzat per l&#8217;Ajuntament de la Jonquera de l&#8217;alumnat de Batxillerat i les delegades i delegats de cada curs en qu\u00e8 van llegir un <a href=\"https:\/\/drive.google.com\/file\/d\/1q1hCWYsDRQrfMDqFTRDZ8Uy1c-R0fVrk\/view?usp=sharing\">manifest<\/a> en representaci\u00f3 de tot l&#8217;institut.<\/p>\n<p style=\"text-align: justify;\">Visionat del documental &#8220;508 dies&#8221;, de Marc Planagum\u00e0, sobre el paper de les dones en la lluita antifranquista a Batxillerat als Porxos de Can Laporta. L&#8217;activitat va ser organitzada pel MUME i l&#8217;Amical Antics Guerrillers Catalans.<\/p>\n<p style=\"text-align: justify;\">Exposici\u00f3 a la planta baixa del centre amb fotografies de dones de l&#8217;entorn de l&#8217;alumnat treballant organitzada per l&#8217;alumnat de 2n i 3r d&#8217;ESO des de la mat\u00e8ria de Socials.<\/p>\n","protected":false},"excerpt":{"rendered":"<p>A continuaci\u00f3 us expliquem algunes de les activitats de commemoraci\u00f3 del 8 de mar\u00e7 portades a terme al nostre centre i coordinades per la Comissi\u00f3 de Coeducaci\u00f3:<\/p>\n<p><a href=\"https:\/\/agora.xtec.cat\/ieslajonquera\/wp-content\/uploads\/usu2014\/2024\/03\/IMG-20240308-WA0003.jpg\"><\/a><br \/>\n<a href=\"https:\/\/agora.xtec.cat\/ieslajonquera\/wp-content\/uploads\/usu2014\/2024\/03\/IMG-20240310-WA0012.jpg\"><\/a><a href=\"https:\/\/agora.xtec.cat\/ieslajonquera\/wp-content\/uploads\/usu2014\/2024\/03\/IMG-20240310-WA0011.jpg\"><\/a><br \/>\n<a href=\"https:\/\/agora.xtec.cat\/ieslajonquera\/wp-content\/uploads\/usu2014\/2024\/03\/IMG-20240310-WA0005.jpg\"><\/a><br \/>\n<a href=\"https:\/\/agora.xtec.cat\/ieslajonquera\/wp-content\/uploads\/usu2014\/2024\/03\/IMG-20240310-WA0007.jpg\"><\/a><\/p>\n<p>Elaboraci\u00f3 del mural &#8220;Juntes&#8221; al 1r pis de l&#8217;institut. La fotografia \u00e9s amb totes&hellip;  <a href=\"https:\/\/agora.xtec.cat\/ieslajonquera\/general\/la-celebracio-del-8-de-marc-al-centre\/\" title=\"Read La celebraci\u00f3 del 8 de mar\u00e7 al centre\">Llegeix m\u00e9s\u00bb<\/a><\/p>\n","protected":false},"author":3,"featured_media":5388,"comment_status":"open","ping_status":"closed","sticky":false,"template":"","format":"standard","meta":{"_bbp_topic_count":0,"_bbp_reply_count":0,"_bbp_total_topic_count":0,"_bbp_total_reply_count":0,"_bbp_voice_count":0,"_bbp_anonymous_reply_count":0,"_bbp_topic_count_hidden":0,"_bbp_reply_count_hidden":0,"_bbp_forum_subforum_count":0,"footnotes":""},"categories":[1],"tags":[153],"class_list":["post-5379","post","type-post","status-publish","format-standard","has-post-thumbnail","hentry","category-general","tag-diades"],"post_mailing_queue_ids":[],"_links":{"self":[{"href":"https:\/\/agora.xtec.cat\/ieslajonquera\/wp-json\/wp\/v2\/posts\/5379","targetHints":{"allow":["GET"]}}],"collection":[{"href":"https:\/\/agora.xtec.cat\/ieslajonquera\/wp-json\/wp\/v2\/posts"}],"about":[{"href":"https:\/\/agora.xtec.cat\/ieslajonquera\/wp-json\/wp\/v2\/types\/post"}],"author":[{"embeddable":true,"href":"https:\/\/agora.xtec.cat\/ieslajonquera\/wp-json\/wp\/v2\/users\/3"}],"replies":[{"embeddable":true,"href":"https:\/\/agora.xtec.cat\/ieslajonquera\/wp-json\/wp\/v2\/comments?post=5379"}],"version-history":[{"count":4,"href":"https:\/\/agora.xtec.cat\/ieslajonquera\/wp-json\/wp\/v2\/posts\/5379\/revisions"}],"predecessor-version":[{"id":5394,"href":"https:\/\/agora.xtec.cat\/ieslajonquera\/wp-json\/wp\/v2\/posts\/5379\/revisions\/5394"}],"wp:featuredmedia":[{"embeddable":true,"href":"https:\/\/agora.xtec.cat\/ieslajonquera\/wp-json\/wp\/v2\/media\/5388"}],"wp:attachment":[{"href":"https:\/\/agora.xtec.cat\/ieslajonquera\/wp-json\/wp\/v2\/media?parent=5379"}],"wp:term":[{"taxonomy":"category","embeddable":true,"href":"https:\/\/agora.xtec.cat\/ieslajonquera\/wp-json\/wp\/v2\/categories?post=5379"},{"taxonomy":"post_tag","embeddable":true,"href":"https:\/\/agora.xtec.cat\/ieslajonquera\/wp-json\/wp\/v2\/tags?post=5379"}],"curies":[{"name":"wp","href":"https:\/\/api.w.org\/{rel}","templated":true}]}}