{"id":5370,"date":"2024-03-10T19:02:58","date_gmt":"2024-03-10T18:02:58","guid":{"rendered":"https:\/\/agora.xtec.cat\/ieslajonquera\/?p=5370"},"modified":"2024-03-10T19:02:58","modified_gmt":"2024-03-10T18:02:58","slug":"xerrada-on-off-a-1r-deso","status":"publish","type":"post","link":"https:\/\/agora.xtec.cat\/ieslajonquera\/general\/xerrada-on-off-a-1r-deso\/","title":{"rendered":"Xerrada &#8220;On-Off&#8221; a 1r d&#8217;ESO"},"content":{"rendered":"<p style=\"text-align: justify;\"><a href=\"https:\/\/agora.xtec.cat\/ieslajonquera\/wp-content\/uploads\/usu2014\/2024\/03\/1r-dESO_On-Off1-rotated.jpg\"><img loading=\"lazy\" decoding=\"async\" class=\" wp-image-5371 alignleft\" src=\"https:\/\/agora.xtec.cat\/ieslajonquera\/wp-content\/uploads\/usu2014\/2024\/03\/1r-dESO_On-Off1-rotated.jpg\" alt=\"\" width=\"304\" height=\"406\" srcset=\"https:\/\/agora.xtec.cat\/ieslajonquera\/wp-content\/uploads\/usu2014\/2024\/03\/1r-dESO_On-Off1-rotated.jpg 768w, https:\/\/agora.xtec.cat\/ieslajonquera\/wp-content\/uploads\/usu2014\/2024\/03\/1r-dESO_On-Off1-225x300.jpg 225w\" sizes=\"auto, (max-width: 304px) 100vw, 304px\" \/><\/a>L&#8217;alumnat de 1r d&#8217;ESO va assistir, el passat 29 de febrer, a la xerrada &#8220;On-Off&#8221; sobre l&#8217;\u00fas responsable de les pantalles. Es tracta d&#8217;una activitat proposada per la Motxilla Pedag\u00f2gica, del Consell Comarcal de l\u2019Alt Empord\u00e0, que al nostre centre es va complementar amb una xerrada sobre el mateix tema adre\u00e7ada a les fam\u00edlies.<\/p>\n<p>En aquest <a href=\"https:\/\/drive.google.com\/file\/d\/1M5-FqgzOKFyu142m9q3lTaqR19a8XDei\/view?usp=sharing\">enlla\u00e7<\/a> podeu veure un resum dels continguts de la xerrada.<\/p>\n","protected":false},"excerpt":{"rendered":"<p><a href=\"https:\/\/agora.xtec.cat\/ieslajonquera\/wp-content\/uploads\/usu2014\/2024\/03\/1r-dESO_On-Off1-rotated.jpg\"><\/a>L&#8217;alumnat de 1r d&#8217;ESO va assistir, el passat 29 de febrer, a la xerrada &#8220;On-Off&#8221; sobre l&#8217;\u00fas responsable de les pantalles. Es tracta d&#8217;una activitat proposada per la Motxilla Pedag\u00f2gica, del Consell Comarcal de l\u2019Alt Empord\u00e0, que al nostre centre es va complementar amb&hellip;  <a href=\"https:\/\/agora.xtec.cat\/ieslajonquera\/general\/xerrada-on-off-a-1r-deso\/\" title=\"Read Xerrada &#8220;On-Off&#8221; a 1r d&#8217;ESO\">Llegeix m\u00e9s\u00bb<\/a><\/p>\n","protected":false},"author":3,"featured_media":5371,"comment_status":"open","ping_status":"closed","sticky":false,"template":"","format":"standard","meta":{"_bbp_topic_count":0,"_bbp_reply_count":0,"_bbp_total_topic_count":0,"_bbp_total_reply_count":0,"_bbp_voice_count":0,"_bbp_anonymous_reply_count":0,"_bbp_topic_count_hidden":0,"_bbp_reply_count_hidden":0,"_bbp_forum_subforum_count":0,"footnotes":""},"categories":[4,3,1],"tags":[44],"class_list":["post-5370","post","type-post","status-publish","format-standard","has-post-thumbnail","hentry","category-eso-1","category-eso","category-general","tag-xerrades"],"post_mailing_queue_ids":[],"_links":{"self":[{"href":"https:\/\/agora.xtec.cat\/ieslajonquera\/wp-json\/wp\/v2\/posts\/5370","targetHints":{"allow":["GET"]}}],"collection":[{"href":"https:\/\/agora.xtec.cat\/ieslajonquera\/wp-json\/wp\/v2\/posts"}],"about":[{"href":"https:\/\/agora.xtec.cat\/ieslajonquera\/wp-json\/wp\/v2\/types\/post"}],"author":[{"embeddable":true,"href":"https:\/\/agora.xtec.cat\/ieslajonquera\/wp-json\/wp\/v2\/users\/3"}],"replies":[{"embeddable":true,"href":"https:\/\/agora.xtec.cat\/ieslajonquera\/wp-json\/wp\/v2\/comments?post=5370"}],"version-history":[{"count":1,"href":"https:\/\/agora.xtec.cat\/ieslajonquera\/wp-json\/wp\/v2\/posts\/5370\/revisions"}],"predecessor-version":[{"id":5372,"href":"https:\/\/agora.xtec.cat\/ieslajonquera\/wp-json\/wp\/v2\/posts\/5370\/revisions\/5372"}],"wp:featuredmedia":[{"embeddable":true,"href":"https:\/\/agora.xtec.cat\/ieslajonquera\/wp-json\/wp\/v2\/media\/5371"}],"wp:attachment":[{"href":"https:\/\/agora.xtec.cat\/ieslajonquera\/wp-json\/wp\/v2\/media?parent=5370"}],"wp:term":[{"taxonomy":"category","embeddable":true,"href":"https:\/\/agora.xtec.cat\/ieslajonquera\/wp-json\/wp\/v2\/categories?post=5370"},{"taxonomy":"post_tag","embeddable":true,"href":"https:\/\/agora.xtec.cat\/ieslajonquera\/wp-json\/wp\/v2\/tags?post=5370"}],"curies":[{"name":"wp","href":"https:\/\/api.w.org\/{rel}","templated":true}]}}