{"id":5360,"date":"2024-03-04T10:38:49","date_gmt":"2024-03-04T09:38:49","guid":{"rendered":"https:\/\/agora.xtec.cat\/ieslajonquera\/?p=5360"},"modified":"2024-03-04T10:38:49","modified_gmt":"2024-03-04T09:38:49","slug":"ja-ens-han-arribat-els-diplomes-del-delf-2","status":"publish","type":"post","link":"https:\/\/agora.xtec.cat\/ieslajonquera\/general\/ja-ens-han-arribat-els-diplomes-del-delf-2\/","title":{"rendered":"Ja ens han arribat els diplomes del DELF!"},"content":{"rendered":"<p style=\"text-align: justify;\"><a href=\"https:\/\/agora.xtec.cat\/ieslajonquera\/wp-content\/uploads\/usu2014\/2024\/03\/IMG-20240220-WA0001.jpg\"><img loading=\"lazy\" decoding=\"async\" class=\" wp-image-5361 alignleft\" src=\"https:\/\/agora.xtec.cat\/ieslajonquera\/wp-content\/uploads\/usu2014\/2024\/03\/IMG-20240220-WA0001-1024x768.jpg\" alt=\"\" width=\"414\" height=\"310\" srcset=\"https:\/\/agora.xtec.cat\/ieslajonquera\/wp-content\/uploads\/usu2014\/2024\/03\/IMG-20240220-WA0001-1024x768.jpg 1024w, https:\/\/agora.xtec.cat\/ieslajonquera\/wp-content\/uploads\/usu2014\/2024\/03\/IMG-20240220-WA0001-300x225.jpg 300w, https:\/\/agora.xtec.cat\/ieslajonquera\/wp-content\/uploads\/usu2014\/2024\/03\/IMG-20240220-WA0001-768x576.jpg 768w, https:\/\/agora.xtec.cat\/ieslajonquera\/wp-content\/uploads\/usu2014\/2024\/03\/IMG-20240220-WA0001-1536x1152.jpg 1536w, https:\/\/agora.xtec.cat\/ieslajonquera\/wp-content\/uploads\/usu2014\/2024\/03\/IMG-20240220-WA0001-200x150.jpg 200w, https:\/\/agora.xtec.cat\/ieslajonquera\/wp-content\/uploads\/usu2014\/2024\/03\/IMG-20240220-WA0001.jpg 2000w\" sizes=\"auto, (max-width: 414px) 100vw, 414px\" \/><\/a>Ja ens han arribat els diplomes del DELF dels seg\u00fcents alumnes, que es van examinar el curs passat:<\/p>\n<ul style=\"text-align: justify;\">\n<li>DELF A2: Jerem\u00edas D\u00e9cima, Guillem Tarr\u00e9s, Paula R\u00edos, Vinyet Gonz\u00e1lez, Cristine Rivas, Adri\u00e0 Ledesma, Laia Jorge, Eric Mal\u00e9, Joan Barragan, Enmanuel Est\u00e9vez, Tomeu Beltran, David Estrada, Daniel S\u00e1nchez, Sandra Xia i Luc\u00eda Rey<\/li>\n<li>DELF B1: Avril Bella, Albert Bleisa, Marina Ribas, Marina Andrades, Laura Garcia i Ona Gamero<\/li>\n<li>DELF B2: N\u00faria L\u00f3pez, Rim Chaoui i Zia Boz<\/li>\n<\/ul>\n<p style=\"text-align: justify;\">El DELF \u00e9s un diploma oficial internacionalment reconegut expedit pel Ministeri franc\u00e8s d\u2019Educaci\u00f3 que certifica les compet\u00e8ncies en franc\u00e8s dels candidats estrangers i que al nostre centre es prepara des de la mat\u00e8ria optativa de Franc\u00e8s a 4t d\u2019ESO i des dels estudis de Batxibac.<\/p>\n<p style=\"text-align: justify;\">Els nivells A2, B1 i B2 permeten completar el curr\u00edculum ja que aquestes certificacions s\u00f3n cada vegada mes conegudes i reconegudes per les administracions, les empreses i les institucions educatives.<\/p>\n<ul style=\"text-align: justify;\">\n<li>El nivell B1 permet validar el t\u00edtol universitari de Grau en la majoria de les Comunitats Aut\u00f3nomes.<\/li>\n<li>El nivel B2 \u00e9s requisit m\u00ednim per a la obtenci\u00f3 d\u2019una beca Erasmus. Tamb\u00e9 constitueix un acc\u00e9s directe a les universitats franceses i a un nombre cada vegada major d\u2019universitats europees i franc\u00f2fones. Ser titular del DELF B2 eximeix de realitzar els tests ling\u00fc\u00edstics d\u2019acc\u00e9s a les universitats franceses i franc\u00f2fones.<\/li>\n<\/ul>\n<p style=\"text-align: justify;\">Enhorabona a tots\/es els\/les nostres alumnes que han participat a les proves!<\/p>\n","protected":false},"excerpt":{"rendered":"<p><a href=\"https:\/\/agora.xtec.cat\/ieslajonquera\/wp-content\/uploads\/usu2014\/2024\/03\/IMG-20240220-WA0001.jpg\"><\/a>Ja ens han arribat els diplomes del DELF dels seg\u00fcents alumnes, que es van examinar el curs passat:<\/p>\n<ul style=\"text-align: justify;\">\n<li>DELF A2: Jerem\u00edas D\u00e9cima, Guillem Tarr\u00e9s, Paula R\u00edos, Vinyet Gonz\u00e1lez, Cristine Rivas, Adri\u00e0 Ledesma, Laia Jorge, Eric Mal\u00e9, Joan Barragan, Enmanuel Est\u00e9vez, Tomeu Beltran, David&hellip;  <a href=\"https:\/\/agora.xtec.cat\/ieslajonquera\/general\/ja-ens-han-arribat-els-diplomes-del-delf-2\/\" title=\"Read Ja ens han arribat els diplomes del DELF!\">Llegeix m\u00e9s\u00bb<\/a><br \/>\n","protected":false},"author":3,"featured_media":5361,"comment_status":"open","ping_status":"closed","sticky":false,"template":"","format":"standard","meta":{"_bbp_topic_count":0,"_bbp_reply_count":0,"_bbp_total_topic_count":0,"_bbp_total_reply_count":0,"_bbp_voice_count":0,"_bbp_anonymous_reply_count":0,"_bbp_topic_count_hidden":0,"_bbp_reply_count_hidden":0,"_bbp_forum_subforum_count":0,"footnotes":""},"categories":[1],"tags":[129],"class_list":["post-5360","post","type-post","status-publish","format-standard","has-post-thumbnail","hentry","category-general","tag-frances"],"post_mailing_queue_ids":[],"_links":{"self":[{"href":"https:\/\/agora.xtec.cat\/ieslajonquera\/wp-json\/wp\/v2\/posts\/5360","targetHints":{"allow":["GET"]}}],"collection":[{"href":"https:\/\/agora.xtec.cat\/ieslajonquera\/wp-json\/wp\/v2\/posts"}],"about":[{"href":"https:\/\/agora.xtec.cat\/ieslajonquera\/wp-json\/wp\/v2\/types\/post"}],"author":[{"embeddable":true,"href":"https:\/\/agora.xtec.cat\/ieslajonquera\/wp-json\/wp\/v2\/users\/3"}],"replies":[{"embeddable":true,"href":"https:\/\/agora.xtec.cat\/ieslajonquera\/wp-json\/wp\/v2\/comments?post=5360"}],"version-history":[{"count":1,"href":"https:\/\/agora.xtec.cat\/ieslajonquera\/wp-json\/wp\/v2\/posts\/5360\/revisions"}],"predecessor-version":[{"id":5362,"href":"https:\/\/agora.xtec.cat\/ieslajonquera\/wp-json\/wp\/v2\/posts\/5360\/revisions\/5362"}],"wp:featuredmedia":[{"embeddable":true,"href":"https:\/\/agora.xtec.cat\/ieslajonquera\/wp-json\/wp\/v2\/media\/5361"}],"wp:attachment":[{"href":"https:\/\/agora.xtec.cat\/ieslajonquera\/wp-json\/wp\/v2\/media?parent=5360"}],"wp:term":[{"taxonomy":"category","embeddable":true,"href":"https:\/\/agora.xtec.cat\/ieslajonquera\/wp-json\/wp\/v2\/categories?post=5360"},{"taxonomy":"post_tag","embeddable":true,"href":"https:\/\/agora.xtec.cat\/ieslajonquera\/wp-json\/wp\/v2\/tags?post=5360"}],"curies":[{"name":"wp","href":"https:\/\/api.w.org\/{rel}","templated":true}]}}