{"id":5337,"date":"2024-02-18T08:36:13","date_gmt":"2024-02-18T07:36:13","guid":{"rendered":"https:\/\/agora.xtec.cat\/ieslajonquera\/?p=5337"},"modified":"2024-02-24T21:05:55","modified_gmt":"2024-02-24T20:05:55","slug":"x-concurs-doratoria-del-centre","status":"publish","type":"post","link":"https:\/\/agora.xtec.cat\/ieslajonquera\/general\/x-concurs-doratoria-del-centre\/","title":{"rendered":"X Concurs d&#8217;Orat\u00f2ria del Centre: Ja tenim guanyadores!"},"content":{"rendered":"<p><a href=\"https:\/\/agora.xtec.cat\/ieslajonquera\/wp-content\/uploads\/usu2014\/2024\/02\/20240219_114104-1-1-rotated.jpg\"><img loading=\"lazy\" decoding=\"async\" class=\"wp-image-5343 alignleft\" src=\"https:\/\/agora.xtec.cat\/ieslajonquera\/wp-content\/uploads\/usu2014\/2024\/02\/20240219_114104-1-1-rotated.jpg\" alt=\"\" width=\"270\" height=\"360\" srcset=\"https:\/\/agora.xtec.cat\/ieslajonquera\/wp-content\/uploads\/usu2014\/2024\/02\/20240219_114104-1-1-rotated.jpg 768w, https:\/\/agora.xtec.cat\/ieslajonquera\/wp-content\/uploads\/usu2014\/2024\/02\/20240219_114104-1-1-225x300.jpg 225w\" sizes=\"auto, (max-width: 270px) 100vw, 270px\" \/><\/a>El passat divendres 19 de febrer es va celebrar el X Concurs d&#8217;Orat\u00f2ria del Centre.\u00a0Els alumnes que hi van participar s\u00f3n: Elisabeth Posada, Mariona Ribas, Isona Moreno, Marta Sais, Irache Santana, Uma Cabrera, Nolann Cord\u00f3n, Safae Zenbi i Hiba Joulane.<\/p>\n<p>Les alumnes que van guanyar el concurs i que, per tant, representaran el centre al VIII Concurs d&#8217;Orat\u00f2ria Juvenil de l&#8217;Alt Empord\u00e0, que se celebrar\u00e0 el proper dissabte 9 de mar\u00e7 a l&#8217;Auditori dels Caputxins de Figueres, s\u00f3n la Mariona Ribas i la Irache Santana.<\/p>\n<p>Molta sort!<\/p>\n<p>&nbsp;<\/p>\n","protected":false},"excerpt":{"rendered":"<p><a href=\"https:\/\/agora.xtec.cat\/ieslajonquera\/wp-content\/uploads\/usu2014\/2024\/02\/20240219_114104-1-1-rotated.jpg\"><\/a>El passat divendres 19 de febrer es va celebrar el X Concurs d&#8217;Orat\u00f2ria del Centre.\u00a0Els alumnes que hi van participar s\u00f3n: Elisabeth Posada, Mariona Ribas, Isona Moreno, Marta Sais, Irache Santana, Uma Cabrera, Nolann Cord\u00f3n, Safae Zenbi i Hiba Joulane.<br \/>\nLes alumnes que van guanyar&hellip;  <a href=\"https:\/\/agora.xtec.cat\/ieslajonquera\/general\/x-concurs-doratoria-del-centre\/\" title=\"Read X Concurs d&#8217;Orat\u00f2ria del Centre: Ja tenim guanyadores!\">Llegeix m\u00e9s\u00bb<\/a><\/p>\n","protected":false},"author":3,"featured_media":5343,"comment_status":"open","ping_status":"closed","sticky":false,"template":"","format":"standard","meta":{"_bbp_topic_count":0,"_bbp_reply_count":0,"_bbp_total_topic_count":0,"_bbp_total_reply_count":0,"_bbp_voice_count":0,"_bbp_anonymous_reply_count":0,"_bbp_topic_count_hidden":0,"_bbp_reply_count_hidden":0,"_bbp_forum_subforum_count":0,"footnotes":""},"categories":[7,3,1],"tags":[106,159],"class_list":["post-5337","post","type-post","status-publish","format-standard","has-post-thumbnail","hentry","category-eso-4","category-eso","category-general","tag-concurs","tag-oratoria"],"post_mailing_queue_ids":[],"_links":{"self":[{"href":"https:\/\/agora.xtec.cat\/ieslajonquera\/wp-json\/wp\/v2\/posts\/5337","targetHints":{"allow":["GET"]}}],"collection":[{"href":"https:\/\/agora.xtec.cat\/ieslajonquera\/wp-json\/wp\/v2\/posts"}],"about":[{"href":"https:\/\/agora.xtec.cat\/ieslajonquera\/wp-json\/wp\/v2\/types\/post"}],"author":[{"embeddable":true,"href":"https:\/\/agora.xtec.cat\/ieslajonquera\/wp-json\/wp\/v2\/users\/3"}],"replies":[{"embeddable":true,"href":"https:\/\/agora.xtec.cat\/ieslajonquera\/wp-json\/wp\/v2\/comments?post=5337"}],"version-history":[{"count":5,"href":"https:\/\/agora.xtec.cat\/ieslajonquera\/wp-json\/wp\/v2\/posts\/5337\/revisions"}],"predecessor-version":[{"id":5345,"href":"https:\/\/agora.xtec.cat\/ieslajonquera\/wp-json\/wp\/v2\/posts\/5337\/revisions\/5345"}],"wp:featuredmedia":[{"embeddable":true,"href":"https:\/\/agora.xtec.cat\/ieslajonquera\/wp-json\/wp\/v2\/media\/5343"}],"wp:attachment":[{"href":"https:\/\/agora.xtec.cat\/ieslajonquera\/wp-json\/wp\/v2\/media?parent=5337"}],"wp:term":[{"taxonomy":"category","embeddable":true,"href":"https:\/\/agora.xtec.cat\/ieslajonquera\/wp-json\/wp\/v2\/categories?post=5337"},{"taxonomy":"post_tag","embeddable":true,"href":"https:\/\/agora.xtec.cat\/ieslajonquera\/wp-json\/wp\/v2\/tags?post=5337"}],"curies":[{"name":"wp","href":"https:\/\/api.w.org\/{rel}","templated":true}]}}