{"id":5306,"date":"2024-02-04T17:27:27","date_gmt":"2024-02-04T16:27:27","guid":{"rendered":"https:\/\/agora.xtec.cat\/ieslajonquera\/?p=5306"},"modified":"2024-02-04T17:27:27","modified_gmt":"2024-02-04T16:27:27","slug":"conferencia-nuria-picas-ara-o-mai-a-1r-deso","status":"publish","type":"post","link":"https:\/\/agora.xtec.cat\/ieslajonquera\/general\/conferencia-nuria-picas-ara-o-mai-a-1r-deso\/","title":{"rendered":"Confer\u00e8ncia &#8220;N\u00faria Picas, ara o mai&#8221; a 1r d&#8217;ESO"},"content":{"rendered":"<p><a href=\"https:\/\/agora.xtec.cat\/ieslajonquera\/wp-content\/uploads\/usu2014\/2024\/02\/20240201_09422011.jpg\"><img loading=\"lazy\" decoding=\"async\" class=\"wp-image-5307 alignleft\" src=\"https:\/\/agora.xtec.cat\/ieslajonquera\/wp-content\/uploads\/usu2014\/2024\/02\/20240201_09422011.jpg\" alt=\"\" width=\"302\" height=\"227\" srcset=\"https:\/\/agora.xtec.cat\/ieslajonquera\/wp-content\/uploads\/usu2014\/2024\/02\/20240201_09422011.jpg 1024w, https:\/\/agora.xtec.cat\/ieslajonquera\/wp-content\/uploads\/usu2014\/2024\/02\/20240201_09422011-300x225.jpg 300w, https:\/\/agora.xtec.cat\/ieslajonquera\/wp-content\/uploads\/usu2014\/2024\/02\/20240201_09422011-768x576.jpg 768w, https:\/\/agora.xtec.cat\/ieslajonquera\/wp-content\/uploads\/usu2014\/2024\/02\/20240201_09422011-200x150.jpg 200w\" sizes=\"auto, (max-width: 302px) 100vw, 302px\" \/><\/a>L&#8217;alumnat de 1r d&#8217;ESO va poder assistir el passat dijous 1 de febrer a la confer\u00e8ncia telem\u00e0tica &#8220;N\u00faria Picas, ara o mai&#8221;, en el marc de la tercera edici\u00f3 del projecte ambiental <a href=\"https:\/\/serveiseducatius.xtec.cat\/altemporda\/general\/nuria-picas-inaugura-la-tercera-edicio-del-projecte-correcull\/\">Correcull<\/a>, en qu\u00e8 l&#8217;alumnat de diversos centres de la comarca surten a c\u00f3rrer i van recollint les deixalles que es troben pel cam\u00ed.<\/p>\n<p style=\"text-align: justify;\">La conferenciant va fer un rep\u00e0s a la seva traject\u00f2ria esportiva i va destacar els valors que l\u2019han portat a ser una corredora d\u2019elit de curses de muntanya, com ara: el treball, l\u2019esfor\u00e7, la superaci\u00f3, la perseveran\u00e7a i la persist\u00e8ncia fins a la consecuci\u00f3 del somni de qualsevol corredor de llarga dist\u00e0ncia: la Ultra-Trail del Montblanc i el Campionat del M\u00f3n d\u2019Ultratrails.<\/p>\n<p>&nbsp;<\/p>\n<p>&nbsp;<\/p>\n<p>&nbsp;<\/p>\n<p>&nbsp;<\/p>\n","protected":false},"excerpt":{"rendered":"<p><a href=\"https:\/\/agora.xtec.cat\/ieslajonquera\/wp-content\/uploads\/usu2014\/2024\/02\/20240201_09422011.jpg\"><\/a>L&#8217;alumnat de 1r d&#8217;ESO va poder assistir el passat dijous 1 de febrer a la confer\u00e8ncia telem\u00e0tica &#8220;N\u00faria Picas, ara o mai&#8221;, en el marc de la tercera edici\u00f3 del projecte ambiental <a href=\"https:\/\/serveiseducatius.xtec.cat\/altemporda\/general\/nuria-picas-inaugura-la-tercera-edicio-del-projecte-correcull\/\">Correcull<\/a>, en qu\u00e8 l&#8217;alumnat de diversos centres de la comarca surten&hellip;  <a href=\"https:\/\/agora.xtec.cat\/ieslajonquera\/general\/conferencia-nuria-picas-ara-o-mai-a-1r-deso\/\" title=\"Read Confer\u00e8ncia &#8220;N\u00faria Picas, ara o mai&#8221; a 1r d&#8217;ESO\">Llegeix m\u00e9s\u00bb<\/a><\/p>\n","protected":false},"author":3,"featured_media":5307,"comment_status":"open","ping_status":"closed","sticky":false,"template":"","format":"standard","meta":{"_bbp_topic_count":0,"_bbp_reply_count":0,"_bbp_total_topic_count":0,"_bbp_total_reply_count":0,"_bbp_voice_count":0,"_bbp_anonymous_reply_count":0,"_bbp_topic_count_hidden":0,"_bbp_reply_count_hidden":0,"_bbp_forum_subforum_count":0,"footnotes":""},"categories":[4,3,1],"tags":[157,111,132,128],"class_list":["post-5306","post","type-post","status-publish","format-standard","has-post-thumbnail","hentry","category-eso-1","category-eso","category-general","tag-escola-verda","tag-esport","tag-projectes","tag-sostenibilitat"],"post_mailing_queue_ids":[],"_links":{"self":[{"href":"https:\/\/agora.xtec.cat\/ieslajonquera\/wp-json\/wp\/v2\/posts\/5306","targetHints":{"allow":["GET"]}}],"collection":[{"href":"https:\/\/agora.xtec.cat\/ieslajonquera\/wp-json\/wp\/v2\/posts"}],"about":[{"href":"https:\/\/agora.xtec.cat\/ieslajonquera\/wp-json\/wp\/v2\/types\/post"}],"author":[{"embeddable":true,"href":"https:\/\/agora.xtec.cat\/ieslajonquera\/wp-json\/wp\/v2\/users\/3"}],"replies":[{"embeddable":true,"href":"https:\/\/agora.xtec.cat\/ieslajonquera\/wp-json\/wp\/v2\/comments?post=5306"}],"version-history":[{"count":1,"href":"https:\/\/agora.xtec.cat\/ieslajonquera\/wp-json\/wp\/v2\/posts\/5306\/revisions"}],"predecessor-version":[{"id":5308,"href":"https:\/\/agora.xtec.cat\/ieslajonquera\/wp-json\/wp\/v2\/posts\/5306\/revisions\/5308"}],"wp:featuredmedia":[{"embeddable":true,"href":"https:\/\/agora.xtec.cat\/ieslajonquera\/wp-json\/wp\/v2\/media\/5307"}],"wp:attachment":[{"href":"https:\/\/agora.xtec.cat\/ieslajonquera\/wp-json\/wp\/v2\/media?parent=5306"}],"wp:term":[{"taxonomy":"category","embeddable":true,"href":"https:\/\/agora.xtec.cat\/ieslajonquera\/wp-json\/wp\/v2\/categories?post=5306"},{"taxonomy":"post_tag","embeddable":true,"href":"https:\/\/agora.xtec.cat\/ieslajonquera\/wp-json\/wp\/v2\/tags?post=5306"}],"curies":[{"name":"wp","href":"https:\/\/api.w.org\/{rel}","templated":true}]}}