{"id":5290,"date":"2024-01-28T08:03:37","date_gmt":"2024-01-28T07:03:37","guid":{"rendered":"https:\/\/agora.xtec.cat\/ieslajonquera\/?p=5290"},"modified":"2024-01-28T08:03:37","modified_gmt":"2024-01-28T07:03:37","slug":"xerrada-taller-sobre-sexualitat-conscient-a-1r-deso","status":"publish","type":"post","link":"https:\/\/agora.xtec.cat\/ieslajonquera\/general\/xerrada-taller-sobre-sexualitat-conscient-a-1r-deso\/","title":{"rendered":"Xerrada-taller sobre sexualitat conscient a 1r d&#8217;ESO"},"content":{"rendered":"<p style=\"text-align: justify;\"><a href=\"https:\/\/agora.xtec.cat\/ieslajonquera\/wp-content\/uploads\/usu2014\/2024\/01\/20240118_095440.jpg\"><img loading=\"lazy\" decoding=\"async\" class=\"wp-image-5291 alignleft\" src=\"https:\/\/agora.xtec.cat\/ieslajonquera\/wp-content\/uploads\/usu2014\/2024\/01\/20240118_095440.jpg\" alt=\"\" width=\"336\" height=\"252\" srcset=\"https:\/\/agora.xtec.cat\/ieslajonquera\/wp-content\/uploads\/usu2014\/2024\/01\/20240118_095440.jpg 1024w, https:\/\/agora.xtec.cat\/ieslajonquera\/wp-content\/uploads\/usu2014\/2024\/01\/20240118_095440-300x225.jpg 300w, https:\/\/agora.xtec.cat\/ieslajonquera\/wp-content\/uploads\/usu2014\/2024\/01\/20240118_095440-768x576.jpg 768w, https:\/\/agora.xtec.cat\/ieslajonquera\/wp-content\/uploads\/usu2014\/2024\/01\/20240118_095440-200x150.jpg 200w\" sizes=\"auto, (max-width: 336px) 100vw, 336px\" \/><\/a>L&#8217;alumnat de 1r d&#8217;ESO ha participat en una xerrada-taller sobre canvis f\u00edsics i sexualitat conscient a c\u00e0rrec de l&#8217;educadora social, Doula, Terapeuta menstrual i especialista en educaci\u00f3 sexual i emocional per a infants, joves i adults Laura Ferrer en qu\u00e8, a llarg de dues hores, han tingut ocasi\u00f3 d&#8217;aprendre, xerrar i debatre sobre temes tan diversos com: els canvis en l\u2019adolesc\u00e8ncia en el cos femen\u00ed i mascul\u00ed, el cicle menstrual, les pol\u00b7lucions nocturnes, ereccions, fluxe preseminal i seminal, l&#8217;educaci\u00f3 en g\u00e8nere o la desmitificaci\u00f3 de la pornografia.<\/p>\n<p>&nbsp;<\/p>\n","protected":false},"excerpt":{"rendered":"<p><a href=\"https:\/\/agora.xtec.cat\/ieslajonquera\/wp-content\/uploads\/usu2014\/2024\/01\/20240118_095440.jpg\"><\/a>L&#8217;alumnat de 1r d&#8217;ESO ha participat en una xerrada-taller sobre canvis f\u00edsics i sexualitat conscient a c\u00e0rrec de l&#8217;educadora social, Doula, Terapeuta menstrual i especialista en educaci\u00f3 sexual i emocional per a infants, joves i adults Laura Ferrer en qu\u00e8, a llarg de dues&hellip;  <a href=\"https:\/\/agora.xtec.cat\/ieslajonquera\/general\/xerrada-taller-sobre-sexualitat-conscient-a-1r-deso\/\" title=\"Read Xerrada-taller sobre sexualitat conscient a 1r d&#8217;ESO\">Llegeix m\u00e9s\u00bb<\/a><\/p>\n","protected":false},"author":3,"featured_media":5291,"comment_status":"open","ping_status":"closed","sticky":false,"template":"","format":"standard","meta":{"_bbp_topic_count":0,"_bbp_reply_count":0,"_bbp_total_topic_count":0,"_bbp_total_reply_count":0,"_bbp_voice_count":0,"_bbp_anonymous_reply_count":0,"_bbp_topic_count_hidden":0,"_bbp_reply_count_hidden":0,"_bbp_forum_subforum_count":0,"footnotes":""},"categories":[4,3,1],"tags":[117,44],"class_list":["post-5290","post","type-post","status-publish","format-standard","has-post-thumbnail","hentry","category-eso-1","category-eso","category-general","tag-biologia","tag-xerrades"],"post_mailing_queue_ids":[],"_links":{"self":[{"href":"https:\/\/agora.xtec.cat\/ieslajonquera\/wp-json\/wp\/v2\/posts\/5290","targetHints":{"allow":["GET"]}}],"collection":[{"href":"https:\/\/agora.xtec.cat\/ieslajonquera\/wp-json\/wp\/v2\/posts"}],"about":[{"href":"https:\/\/agora.xtec.cat\/ieslajonquera\/wp-json\/wp\/v2\/types\/post"}],"author":[{"embeddable":true,"href":"https:\/\/agora.xtec.cat\/ieslajonquera\/wp-json\/wp\/v2\/users\/3"}],"replies":[{"embeddable":true,"href":"https:\/\/agora.xtec.cat\/ieslajonquera\/wp-json\/wp\/v2\/comments?post=5290"}],"version-history":[{"count":1,"href":"https:\/\/agora.xtec.cat\/ieslajonquera\/wp-json\/wp\/v2\/posts\/5290\/revisions"}],"predecessor-version":[{"id":5292,"href":"https:\/\/agora.xtec.cat\/ieslajonquera\/wp-json\/wp\/v2\/posts\/5290\/revisions\/5292"}],"wp:featuredmedia":[{"embeddable":true,"href":"https:\/\/agora.xtec.cat\/ieslajonquera\/wp-json\/wp\/v2\/media\/5291"}],"wp:attachment":[{"href":"https:\/\/agora.xtec.cat\/ieslajonquera\/wp-json\/wp\/v2\/media?parent=5290"}],"wp:term":[{"taxonomy":"category","embeddable":true,"href":"https:\/\/agora.xtec.cat\/ieslajonquera\/wp-json\/wp\/v2\/categories?post=5290"},{"taxonomy":"post_tag","embeddable":true,"href":"https:\/\/agora.xtec.cat\/ieslajonquera\/wp-json\/wp\/v2\/tags?post=5290"}],"curies":[{"name":"wp","href":"https:\/\/api.w.org\/{rel}","templated":true}]}}