{"id":5279,"date":"2024-01-24T08:10:22","date_gmt":"2024-01-24T07:10:22","guid":{"rendered":"https:\/\/agora.xtec.cat\/ieslajonquera\/?p=5279"},"modified":"2024-01-24T08:14:38","modified_gmt":"2024-01-24T07:14:38","slug":"10-anys-educant-amb-la-memoria-historica","status":"publish","type":"post","link":"https:\/\/agora.xtec.cat\/ieslajonquera\/general\/10-anys-educant-amb-la-memoria-historica\/","title":{"rendered":"10 anys educant amb la mem\u00f2ria hist\u00f2rica"},"content":{"rendered":"<p>Llegiu el reportatge publicat a la revista &#8220;Alberes&#8221; sobre el Grup de Treball Exili, Deportaci\u00f3 i Holocaust de l&#8217;Alt Empord\u00e0, en qu\u00e8 participa la professora del centre N\u00faria Rodr\u00edguez.<\/p>\n<p>Si cliqueu la imatge, s&#8217;ampliar\u00e0.<a href=\"https:\/\/agora.xtec.cat\/ieslajonquera\/wp-content\/uploads\/usu2014\/2024\/01\/Alberes-30_Actualitat-Reportatge1_page-00011.jpg\"><img loading=\"lazy\" decoding=\"async\" class=\"wp-image-5280 aligncenter\" src=\"https:\/\/agora.xtec.cat\/ieslajonquera\/wp-content\/uploads\/usu2014\/2024\/01\/Alberes-30_Actualitat-Reportatge1_page-00011-782x1024.jpg\" alt=\"\" width=\"402\" height=\"527\" \/><\/a><\/p>\n<p>&nbsp;<\/p>\n","protected":false},"excerpt":{"rendered":"<p>Llegiu el reportatge publicat a la revista &#8220;Alberes&#8221; sobre el Grup de Treball Exili, Deportaci\u00f3 i Holocaust de l&#8217;Alt Empord\u00e0, en qu\u00e8 participa la professora del centre N\u00faria Rodr\u00edguez.<br \/>\nSi cliqueu la imatge, s&#8217;ampliar\u00e0.<a href=\"https:\/\/agora.xtec.cat\/ieslajonquera\/wp-content\/uploads\/usu2014\/2024\/01\/Alberes-30_Actualitat-Reportatge1_page-00011.jpg\"><\/a><br \/>\n&nbsp;<\/p>\n","protected":false},"author":3,"featured_media":5280,"comment_status":"open","ping_status":"closed","sticky":false,"template":"","format":"standard","meta":{"_bbp_topic_count":0,"_bbp_reply_count":0,"_bbp_total_topic_count":0,"_bbp_total_reply_count":0,"_bbp_voice_count":0,"_bbp_anonymous_reply_count":0,"_bbp_topic_count_hidden":0,"_bbp_reply_count_hidden":0,"_bbp_forum_subforum_count":0,"footnotes":""},"categories":[1],"tags":[145],"class_list":["post-5279","post","type-post","status-publish","format-standard","has-post-thumbnail","hentry","category-general","tag-historia"],"post_mailing_queue_ids":[],"_links":{"self":[{"href":"https:\/\/agora.xtec.cat\/ieslajonquera\/wp-json\/wp\/v2\/posts\/5279","targetHints":{"allow":["GET"]}}],"collection":[{"href":"https:\/\/agora.xtec.cat\/ieslajonquera\/wp-json\/wp\/v2\/posts"}],"about":[{"href":"https:\/\/agora.xtec.cat\/ieslajonquera\/wp-json\/wp\/v2\/types\/post"}],"author":[{"embeddable":true,"href":"https:\/\/agora.xtec.cat\/ieslajonquera\/wp-json\/wp\/v2\/users\/3"}],"replies":[{"embeddable":true,"href":"https:\/\/agora.xtec.cat\/ieslajonquera\/wp-json\/wp\/v2\/comments?post=5279"}],"version-history":[{"count":3,"href":"https:\/\/agora.xtec.cat\/ieslajonquera\/wp-json\/wp\/v2\/posts\/5279\/revisions"}],"predecessor-version":[{"id":5283,"href":"https:\/\/agora.xtec.cat\/ieslajonquera\/wp-json\/wp\/v2\/posts\/5279\/revisions\/5283"}],"wp:featuredmedia":[{"embeddable":true,"href":"https:\/\/agora.xtec.cat\/ieslajonquera\/wp-json\/wp\/v2\/media\/5280"}],"wp:attachment":[{"href":"https:\/\/agora.xtec.cat\/ieslajonquera\/wp-json\/wp\/v2\/media?parent=5279"}],"wp:term":[{"taxonomy":"category","embeddable":true,"href":"https:\/\/agora.xtec.cat\/ieslajonquera\/wp-json\/wp\/v2\/categories?post=5279"},{"taxonomy":"post_tag","embeddable":true,"href":"https:\/\/agora.xtec.cat\/ieslajonquera\/wp-json\/wp\/v2\/tags?post=5279"}],"curies":[{"name":"wp","href":"https:\/\/api.w.org\/{rel}","templated":true}]}}