{"id":5253,"date":"2023-12-16T17:44:50","date_gmt":"2023-12-16T16:44:50","guid":{"rendered":"https:\/\/agora.xtec.cat\/ieslajonquera\/?p=5253"},"modified":"2023-12-16T17:44:50","modified_gmt":"2023-12-16T16:44:50","slug":"commercium-epistularum","status":"publish","type":"post","link":"https:\/\/agora.xtec.cat\/ieslajonquera\/general\/commercium-epistularum\/","title":{"rendered":"Commercium Epistularum"},"content":{"rendered":"<p style=\"text-align: justify;\"><a href=\"https:\/\/agora.xtec.cat\/ieslajonquera\/wp-content\/uploads\/usu2014\/2023\/12\/IMG-20231213-WA0002.jpg\"><img loading=\"lazy\" decoding=\"async\" class=\"wp-image-5254 alignleft\" src=\"https:\/\/agora.xtec.cat\/ieslajonquera\/wp-content\/uploads\/usu2014\/2023\/12\/IMG-20231213-WA0002-1024x769.jpg\" alt=\"\" width=\"305\" height=\"229\" srcset=\"https:\/\/agora.xtec.cat\/ieslajonquera\/wp-content\/uploads\/usu2014\/2023\/12\/IMG-20231213-WA0002-1024x769.jpg 1024w, https:\/\/agora.xtec.cat\/ieslajonquera\/wp-content\/uploads\/usu2014\/2023\/12\/IMG-20231213-WA0002-300x225.jpg 300w, https:\/\/agora.xtec.cat\/ieslajonquera\/wp-content\/uploads\/usu2014\/2023\/12\/IMG-20231213-WA0002-768x576.jpg 768w, https:\/\/agora.xtec.cat\/ieslajonquera\/wp-content\/uploads\/usu2014\/2023\/12\/IMG-20231213-WA0002-1536x1153.jpg 1536w, https:\/\/agora.xtec.cat\/ieslajonquera\/wp-content\/uploads\/usu2014\/2023\/12\/IMG-20231213-WA0002-200x150.jpg 200w, https:\/\/agora.xtec.cat\/ieslajonquera\/wp-content\/uploads\/usu2014\/2023\/12\/IMG-20231213-WA0002.jpg 2048w\" sizes=\"auto, (max-width: 305px) 100vw, 305px\" \/><\/a>Ja tenim aqu\u00ed la segona edici\u00f3 del projecte\u00a0Commercium\u00a0Epistularu<wbr \/>m que fem a llat\u00ed!\u00a0Aquest projecte consisteix a emparellar alumnes de diferents centres durant el mes de desembre, abans d\u2019anar de vacances, i escriure una postal de Nadal en llat\u00ed.<\/p>\n<p style=\"text-align: justify;\">La iniciativa presenta la possibilitat de fer xarxa entre els diferents alumnes de llat\u00ed de Catalunya per tal que es coneguin i practiquin aquesta llengua en un \u00e0mbit m\u00e9s col\u00b7loquial.<\/p>\n<p style=\"text-align: justify;\">Als alumnes de llat\u00ed que estan in Quarto Anno Licaei et in Secundo Baccalaureatu del nostre institut els han tocat els estudiants de llat\u00ed de l&#8217;Escola Pia d&#8217;Olot. Esperem que d&#8217;aqu\u00ed en pugui sorgir una bona amistat!<\/p>\n<p style=\"text-align: justify;\"><em>Per litteras ad amicitiam et Felix Nativitas omnibus!<br \/>\n<\/em><\/p>\n<p><a href=\"https:\/\/agora.xtec.cat\/ieslajonquera\/wp-content\/uploads\/usu2014\/2023\/12\/IMG-20231213-WA0001.jpg\"><img loading=\"lazy\" decoding=\"async\" class=\"alignnone  wp-image-5255\" src=\"https:\/\/agora.xtec.cat\/ieslajonquera\/wp-content\/uploads\/usu2014\/2023\/12\/IMG-20231213-WA0001-1024x769.jpg\" alt=\"\" width=\"306\" height=\"230\" srcset=\"https:\/\/agora.xtec.cat\/ieslajonquera\/wp-content\/uploads\/usu2014\/2023\/12\/IMG-20231213-WA0001-1024x769.jpg 1024w, https:\/\/agora.xtec.cat\/ieslajonquera\/wp-content\/uploads\/usu2014\/2023\/12\/IMG-20231213-WA0001-300x225.jpg 300w, https:\/\/agora.xtec.cat\/ieslajonquera\/wp-content\/uploads\/usu2014\/2023\/12\/IMG-20231213-WA0001-768x576.jpg 768w, https:\/\/agora.xtec.cat\/ieslajonquera\/wp-content\/uploads\/usu2014\/2023\/12\/IMG-20231213-WA0001-1536x1153.jpg 1536w, https:\/\/agora.xtec.cat\/ieslajonquera\/wp-content\/uploads\/usu2014\/2023\/12\/IMG-20231213-WA0001-200x150.jpg 200w, https:\/\/agora.xtec.cat\/ieslajonquera\/wp-content\/uploads\/usu2014\/2023\/12\/IMG-20231213-WA0001.jpg 1600w\" sizes=\"auto, (max-width: 306px) 100vw, 306px\" \/>\u00a0 <\/a><a href=\"https:\/\/agora.xtec.cat\/ieslajonquera\/wp-content\/uploads\/usu2014\/2023\/12\/IMG-20231213-WA0003.jpg\"><img loading=\"lazy\" decoding=\"async\" class=\"alignnone  wp-image-5256\" src=\"https:\/\/agora.xtec.cat\/ieslajonquera\/wp-content\/uploads\/usu2014\/2023\/12\/IMG-20231213-WA0003-769x1024.jpg\" alt=\"\" width=\"172\" height=\"229\" srcset=\"https:\/\/agora.xtec.cat\/ieslajonquera\/wp-content\/uploads\/usu2014\/2023\/12\/IMG-20231213-WA0003-769x1024.jpg 769w, https:\/\/agora.xtec.cat\/ieslajonquera\/wp-content\/uploads\/usu2014\/2023\/12\/IMG-20231213-WA0003-225x300.jpg 225w, https:\/\/agora.xtec.cat\/ieslajonquera\/wp-content\/uploads\/usu2014\/2023\/12\/IMG-20231213-WA0003-768x1023.jpg 768w, https:\/\/agora.xtec.cat\/ieslajonquera\/wp-content\/uploads\/usu2014\/2023\/12\/IMG-20231213-WA0003-1153x1536.jpg 1153w, https:\/\/agora.xtec.cat\/ieslajonquera\/wp-content\/uploads\/usu2014\/2023\/12\/IMG-20231213-WA0003.jpg 1537w\" sizes=\"auto, (max-width: 172px) 100vw, 172px\" \/><\/a><\/p>\n","protected":false},"excerpt":{"rendered":"<p><a href=\"https:\/\/agora.xtec.cat\/ieslajonquera\/wp-content\/uploads\/usu2014\/2023\/12\/IMG-20231213-WA0002.jpg\"><\/a>Ja tenim aqu\u00ed la segona edici\u00f3 del projecte\u00a0Commercium\u00a0Epistularum que fem a llat\u00ed!\u00a0Aquest projecte consisteix a emparellar alumnes de diferents centres durant el mes de desembre, abans d\u2019anar de vacances, i escriure una postal de Nadal en llat\u00ed.<br \/>\nLa iniciativa presenta la possibilitat de fer xarxa&hellip;  <a href=\"https:\/\/agora.xtec.cat\/ieslajonquera\/general\/commercium-epistularum\/\" title=\"Read Commercium Epistularum\">Llegeix m\u00e9s\u00bb<\/a><\/p>\n","protected":false},"author":3,"featured_media":5254,"comment_status":"open","ping_status":"closed","sticky":false,"template":"","format":"standard","meta":{"_bbp_topic_count":0,"_bbp_reply_count":0,"_bbp_total_topic_count":0,"_bbp_total_reply_count":0,"_bbp_voice_count":0,"_bbp_anonymous_reply_count":0,"_bbp_topic_count_hidden":0,"_bbp_reply_count_hidden":0,"_bbp_forum_subforum_count":0,"footnotes":""},"categories":[7,3,1],"tags":[168],"class_list":["post-5253","post","type-post","status-publish","format-standard","has-post-thumbnail","hentry","category-eso-4","category-eso","category-general","tag-llati"],"post_mailing_queue_ids":[],"_links":{"self":[{"href":"https:\/\/agora.xtec.cat\/ieslajonquera\/wp-json\/wp\/v2\/posts\/5253","targetHints":{"allow":["GET"]}}],"collection":[{"href":"https:\/\/agora.xtec.cat\/ieslajonquera\/wp-json\/wp\/v2\/posts"}],"about":[{"href":"https:\/\/agora.xtec.cat\/ieslajonquera\/wp-json\/wp\/v2\/types\/post"}],"author":[{"embeddable":true,"href":"https:\/\/agora.xtec.cat\/ieslajonquera\/wp-json\/wp\/v2\/users\/3"}],"replies":[{"embeddable":true,"href":"https:\/\/agora.xtec.cat\/ieslajonquera\/wp-json\/wp\/v2\/comments?post=5253"}],"version-history":[{"count":1,"href":"https:\/\/agora.xtec.cat\/ieslajonquera\/wp-json\/wp\/v2\/posts\/5253\/revisions"}],"predecessor-version":[{"id":5257,"href":"https:\/\/agora.xtec.cat\/ieslajonquera\/wp-json\/wp\/v2\/posts\/5253\/revisions\/5257"}],"wp:featuredmedia":[{"embeddable":true,"href":"https:\/\/agora.xtec.cat\/ieslajonquera\/wp-json\/wp\/v2\/media\/5254"}],"wp:attachment":[{"href":"https:\/\/agora.xtec.cat\/ieslajonquera\/wp-json\/wp\/v2\/media?parent=5253"}],"wp:term":[{"taxonomy":"category","embeddable":true,"href":"https:\/\/agora.xtec.cat\/ieslajonquera\/wp-json\/wp\/v2\/categories?post=5253"},{"taxonomy":"post_tag","embeddable":true,"href":"https:\/\/agora.xtec.cat\/ieslajonquera\/wp-json\/wp\/v2\/tags?post=5253"}],"curies":[{"name":"wp","href":"https:\/\/api.w.org\/{rel}","templated":true}]}}