{"id":5229,"date":"2023-12-01T14:30:08","date_gmt":"2023-12-01T13:30:08","guid":{"rendered":"https:\/\/agora.xtec.cat\/ieslajonquera\/?p=5229"},"modified":"2023-12-01T14:30:58","modified_gmt":"2023-12-01T13:30:58","slug":"la-setmana-de-la-ciencia-a-linstitut","status":"publish","type":"post","link":"https:\/\/agora.xtec.cat\/ieslajonquera\/general\/la-setmana-de-la-ciencia-a-linstitut\/","title":{"rendered":"La Setmana de la Ci\u00e8ncia a l&#8217;institut"},"content":{"rendered":"<p style=\"text-align: left;\"><span lang=\"CA\">Aquests s\u00f3n els tallers que es van portar a terme a l&#8217;institut al llarg de la Setmana de la Ci\u00e8ncia:<\/span><\/p>\n<p style=\"text-align: left;\"><span lang=\"CA\"> <a href=\"https:\/\/agora.xtec.cat\/ieslajonquera\/wp-content\/uploads\/usu2014\/2023\/12\/IMG-20231117-WA0001.jpg\"><img loading=\"lazy\" decoding=\"async\" class=\"wp-image-5232 alignleft\" src=\"https:\/\/agora.xtec.cat\/ieslajonquera\/wp-content\/uploads\/usu2014\/2023\/12\/IMG-20231117-WA0001-1024x768.jpg\" alt=\"\" width=\"270\" height=\"203\" srcset=\"https:\/\/agora.xtec.cat\/ieslajonquera\/wp-content\/uploads\/usu2014\/2023\/12\/IMG-20231117-WA0001-1024x768.jpg 1024w, https:\/\/agora.xtec.cat\/ieslajonquera\/wp-content\/uploads\/usu2014\/2023\/12\/IMG-20231117-WA0001-300x225.jpg 300w, https:\/\/agora.xtec.cat\/ieslajonquera\/wp-content\/uploads\/usu2014\/2023\/12\/IMG-20231117-WA0001-768x576.jpg 768w, https:\/\/agora.xtec.cat\/ieslajonquera\/wp-content\/uploads\/usu2014\/2023\/12\/IMG-20231117-WA0001-1536x1152.jpg 1536w, https:\/\/agora.xtec.cat\/ieslajonquera\/wp-content\/uploads\/usu2014\/2023\/12\/IMG-20231117-WA0001-200x150.jpg 200w, https:\/\/agora.xtec.cat\/ieslajonquera\/wp-content\/uploads\/usu2014\/2023\/12\/IMG-20231117-WA0001.jpg 1600w\" sizes=\"auto, (max-width: 270px) 100vw, 270px\" \/><\/a>C\u00fapules de Leonardo: Un any m\u00e9s els alumnes de 1r d&#8217;ESO van reproduir les c\u00fapules ideades per Leonardo. Els diferents grups van muntar alguns dels dissenys proposats per aquest arquetip del Renaixement.\u00a0<\/span><\/p>\n<p style=\"text-align: left;\"><span lang=\"CA\">Taller de rob\u00f2tica &#8220;Robosumo&#8221;: Els alumnes de 2n d&#8217;ESO van construir per equips un robot que utilitza sensors i actuadors per avan\u00e7ar i girar. L&#8217;objectiu final era guanyar una competici\u00f3 de sumo en qu\u00e8 l&#8217;\u00faltim robot que quedava dins del ring era el guanyador. Els equips van haver de programar el seu robot tot utilitzant l&#8217;enginy i la programaci\u00f3 per blocs.\u00a0\u00a0<\/span><\/p>\n<p><span lang=\"CA\"><a href=\"https:\/\/agora.xtec.cat\/ieslajonquera\/wp-content\/uploads\/usu2014\/2023\/12\/IMG-20231117-WA0006.jpg\"><img loading=\"lazy\" decoding=\"async\" class=\"wp-image-5233 alignleft\" src=\"https:\/\/agora.xtec.cat\/ieslajonquera\/wp-content\/uploads\/usu2014\/2023\/12\/IMG-20231117-WA0006-768x1024.jpg\" alt=\"\" width=\"269\" height=\"359\" srcset=\"https:\/\/agora.xtec.cat\/ieslajonquera\/wp-content\/uploads\/usu2014\/2023\/12\/IMG-20231117-WA0006-768x1024.jpg 768w, https:\/\/agora.xtec.cat\/ieslajonquera\/wp-content\/uploads\/usu2014\/2023\/12\/IMG-20231117-WA0006-225x300.jpg 225w, https:\/\/agora.xtec.cat\/ieslajonquera\/wp-content\/uploads\/usu2014\/2023\/12\/IMG-20231117-WA0006-1152x1536.jpg 1152w, https:\/\/agora.xtec.cat\/ieslajonquera\/wp-content\/uploads\/usu2014\/2023\/12\/IMG-20231117-WA0006.jpg 1200w\" sizes=\"auto, (max-width: 269px) 100vw, 269px\" \/><\/a>Taller d\u2019aerodin\u00e0mica &#8220;Coets a l\u2019aire!&#8221;: L&#8217;objectiu del taller, era que els alumnes de 3r d&#8217;ESO dissenyessin i elaboressin el coet m\u00e9s aerodin\u00e0mic (propulsat amb l&#8217;aire a pressi\u00f3 que surt d&#8217;una ampolla quan en redu\u00efm el seu volum) per equips.\u00a0<\/span><\/p>\n<p style=\"text-align: left;\"><span lang=\"CA\">&#8220;Qu\u00edmica a la cuina&#8221;: El taller va fer reflexionar els alumnes de 4t d&#8217;ESO sobre algunes de les reaccions qu\u00edmiques que tenen lloc a la cuina amb l&#8217;objectiu de respondre preguntes com ara quina \u00e9s la temperatura del bany maria o si cal tirar sal abans o despr\u00e9s de coure la verdura des d&#8217;un punt de vista cient\u00edfic.<\/span><\/p>\n<p style=\"text-align: left;\"><span lang=\"CA\">Pon\u00e8ncia UdG sobre experimentaci\u00f3 qu\u00edmica al Batxillerat Cient\u00edfic.<\/span><span lang=\"CA\"> L&#8217;Aythami Soto, llicenciat en Qu\u00edmica i que t\u00e9 un dels canals de difusi\u00f3 cient\u00edfica m\u00e9s seguits a Yotube, va realitzar diferents experiments i reaccions qu\u00edmiques tot relacionant-les amb moments hist\u00f2rics importants, com ara el domini del foc i la invenci\u00f3 de la p\u00f3lvora negra.<\/span><\/p>\n","protected":false},"excerpt":{"rendered":"<p>Aquests s\u00f3n els tallers que es van portar a terme a l&#8217;institut al llarg de la Setmana de la Ci\u00e8ncia:<br \/>\n <a href=\"https:\/\/agora.xtec.cat\/ieslajonquera\/wp-content\/uploads\/usu2014\/2023\/12\/IMG-20231117-WA0001.jpg\"><\/a>C\u00fapules de Leonardo: Un any m\u00e9s els alumnes de 1r d&#8217;ESO van reproduir les c\u00fapules ideades per Leonardo. Els diferents grups van muntar alguns&hellip;  <a href=\"https:\/\/agora.xtec.cat\/ieslajonquera\/general\/la-setmana-de-la-ciencia-a-linstitut\/\" title=\"Read La Setmana de la Ci\u00e8ncia a l&#8217;institut\">Llegeix m\u00e9s\u00bb<\/a><\/p>\n","protected":false},"author":3,"featured_media":5231,"comment_status":"open","ping_status":"closed","sticky":false,"template":"","format":"standard","meta":{"_bbp_topic_count":0,"_bbp_reply_count":0,"_bbp_total_topic_count":0,"_bbp_total_reply_count":0,"_bbp_voice_count":0,"_bbp_anonymous_reply_count":0,"_bbp_topic_count_hidden":0,"_bbp_reply_count_hidden":0,"_bbp_forum_subforum_count":0,"footnotes":""},"categories":[1],"tags":[143],"class_list":["post-5229","post","type-post","status-publish","format-standard","has-post-thumbnail","hentry","category-general","tag-ciencia"],"post_mailing_queue_ids":[],"_links":{"self":[{"href":"https:\/\/agora.xtec.cat\/ieslajonquera\/wp-json\/wp\/v2\/posts\/5229","targetHints":{"allow":["GET"]}}],"collection":[{"href":"https:\/\/agora.xtec.cat\/ieslajonquera\/wp-json\/wp\/v2\/posts"}],"about":[{"href":"https:\/\/agora.xtec.cat\/ieslajonquera\/wp-json\/wp\/v2\/types\/post"}],"author":[{"embeddable":true,"href":"https:\/\/agora.xtec.cat\/ieslajonquera\/wp-json\/wp\/v2\/users\/3"}],"replies":[{"embeddable":true,"href":"https:\/\/agora.xtec.cat\/ieslajonquera\/wp-json\/wp\/v2\/comments?post=5229"}],"version-history":[{"count":3,"href":"https:\/\/agora.xtec.cat\/ieslajonquera\/wp-json\/wp\/v2\/posts\/5229\/revisions"}],"predecessor-version":[{"id":5235,"href":"https:\/\/agora.xtec.cat\/ieslajonquera\/wp-json\/wp\/v2\/posts\/5229\/revisions\/5235"}],"wp:featuredmedia":[{"embeddable":true,"href":"https:\/\/agora.xtec.cat\/ieslajonquera\/wp-json\/wp\/v2\/media\/5231"}],"wp:attachment":[{"href":"https:\/\/agora.xtec.cat\/ieslajonquera\/wp-json\/wp\/v2\/media?parent=5229"}],"wp:term":[{"taxonomy":"category","embeddable":true,"href":"https:\/\/agora.xtec.cat\/ieslajonquera\/wp-json\/wp\/v2\/categories?post=5229"},{"taxonomy":"post_tag","embeddable":true,"href":"https:\/\/agora.xtec.cat\/ieslajonquera\/wp-json\/wp\/v2\/tags?post=5229"}],"curies":[{"name":"wp","href":"https:\/\/api.w.org\/{rel}","templated":true}]}}