{"id":5207,"date":"2023-11-26T16:51:05","date_gmt":"2023-11-26T15:51:05","guid":{"rendered":"https:\/\/agora.xtec.cat\/ieslajonquera\/?p=5207"},"modified":"2023-11-26T16:51:05","modified_gmt":"2023-11-26T15:51:05","slug":"taller-de-reparacio-de-mobils-a-4t-deso","status":"publish","type":"post","link":"https:\/\/agora.xtec.cat\/ieslajonquera\/general\/taller-de-reparacio-de-mobils-a-4t-deso\/","title":{"rendered":"Taller de reparaci\u00f3 de m\u00f2bils a 4t d&#8217;ESO"},"content":{"rendered":"<p><a href=\"https:\/\/agora.xtec.cat\/ieslajonquera\/wp-content\/uploads\/usu2014\/2023\/11\/IMG-20231124-WA0002.jpg\"><img loading=\"lazy\" decoding=\"async\" class=\" wp-image-5208 alignleft\" src=\"https:\/\/agora.xtec.cat\/ieslajonquera\/wp-content\/uploads\/usu2014\/2023\/11\/IMG-20231124-WA0002-1024x768.jpg\" alt=\"\" width=\"324\" height=\"243\" srcset=\"https:\/\/agora.xtec.cat\/ieslajonquera\/wp-content\/uploads\/usu2014\/2023\/11\/IMG-20231124-WA0002-1024x768.jpg 1024w, https:\/\/agora.xtec.cat\/ieslajonquera\/wp-content\/uploads\/usu2014\/2023\/11\/IMG-20231124-WA0002-300x225.jpg 300w, https:\/\/agora.xtec.cat\/ieslajonquera\/wp-content\/uploads\/usu2014\/2023\/11\/IMG-20231124-WA0002-768x576.jpg 768w, https:\/\/agora.xtec.cat\/ieslajonquera\/wp-content\/uploads\/usu2014\/2023\/11\/IMG-20231124-WA0002-1536x1152.jpg 1536w, https:\/\/agora.xtec.cat\/ieslajonquera\/wp-content\/uploads\/usu2014\/2023\/11\/IMG-20231124-WA0002-200x150.jpg 200w, https:\/\/agora.xtec.cat\/ieslajonquera\/wp-content\/uploads\/usu2014\/2023\/11\/IMG-20231124-WA0002.jpg 1600w\" sizes=\"auto, (max-width: 324px) 100vw, 324px\" \/><\/a>Els alumnes de 4t d&#8217;ESO van participar en un taller de reparaci\u00f3 de m\u00f2bils gr\u00e0cies al projecte <a href=\"https:\/\/www.generacioreset.cat\/\">Generaci\u00f3 Reset<\/a>, impulsat per la Generalitat de Catalunya i l&#8217;Ag\u00e8ncia de Residus de Catalunya.<\/p>\n<p>&nbsp;<\/p>\n","protected":false},"excerpt":{"rendered":"<p><a href=\"https:\/\/agora.xtec.cat\/ieslajonquera\/wp-content\/uploads\/usu2014\/2023\/11\/IMG-20231124-WA0002.jpg\"><\/a>Els alumnes de 4t d&#8217;ESO van participar en un taller de reparaci\u00f3 de m\u00f2bils gr\u00e0cies al projecte <a href=\"https:\/\/www.generacioreset.cat\/\">Generaci\u00f3 Reset<\/a>, impulsat per la Generalitat de Catalunya i l&#8217;Ag\u00e8ncia de Residus de Catalunya.<br \/>\n&nbsp;<\/p>\n","protected":false},"author":3,"featured_media":5208,"comment_status":"open","ping_status":"closed","sticky":false,"template":"","format":"standard","meta":{"_bbp_topic_count":0,"_bbp_reply_count":0,"_bbp_total_topic_count":0,"_bbp_total_reply_count":0,"_bbp_voice_count":0,"_bbp_anonymous_reply_count":0,"_bbp_topic_count_hidden":0,"_bbp_reply_count_hidden":0,"_bbp_forum_subforum_count":0,"footnotes":""},"categories":[7,3,1],"tags":[128,58,138],"class_list":["post-5207","post","type-post","status-publish","format-standard","has-post-thumbnail","hentry","category-eso-4","category-eso","category-general","tag-sostenibilitat","tag-tallers","tag-tecnologia"],"post_mailing_queue_ids":[],"_links":{"self":[{"href":"https:\/\/agora.xtec.cat\/ieslajonquera\/wp-json\/wp\/v2\/posts\/5207","targetHints":{"allow":["GET"]}}],"collection":[{"href":"https:\/\/agora.xtec.cat\/ieslajonquera\/wp-json\/wp\/v2\/posts"}],"about":[{"href":"https:\/\/agora.xtec.cat\/ieslajonquera\/wp-json\/wp\/v2\/types\/post"}],"author":[{"embeddable":true,"href":"https:\/\/agora.xtec.cat\/ieslajonquera\/wp-json\/wp\/v2\/users\/3"}],"replies":[{"embeddable":true,"href":"https:\/\/agora.xtec.cat\/ieslajonquera\/wp-json\/wp\/v2\/comments?post=5207"}],"version-history":[{"count":1,"href":"https:\/\/agora.xtec.cat\/ieslajonquera\/wp-json\/wp\/v2\/posts\/5207\/revisions"}],"predecessor-version":[{"id":5209,"href":"https:\/\/agora.xtec.cat\/ieslajonquera\/wp-json\/wp\/v2\/posts\/5207\/revisions\/5209"}],"wp:featuredmedia":[{"embeddable":true,"href":"https:\/\/agora.xtec.cat\/ieslajonquera\/wp-json\/wp\/v2\/media\/5208"}],"wp:attachment":[{"href":"https:\/\/agora.xtec.cat\/ieslajonquera\/wp-json\/wp\/v2\/media?parent=5207"}],"wp:term":[{"taxonomy":"category","embeddable":true,"href":"https:\/\/agora.xtec.cat\/ieslajonquera\/wp-json\/wp\/v2\/categories?post=5207"},{"taxonomy":"post_tag","embeddable":true,"href":"https:\/\/agora.xtec.cat\/ieslajonquera\/wp-json\/wp\/v2\/tags?post=5207"}],"curies":[{"name":"wp","href":"https:\/\/api.w.org\/{rel}","templated":true}]}}