{"id":5198,"date":"2023-11-15T07:32:23","date_gmt":"2023-11-15T06:32:23","guid":{"rendered":"https:\/\/agora.xtec.cat\/ieslajonquera\/?p=5198"},"modified":"2023-11-15T07:33:35","modified_gmt":"2023-11-15T06:33:35","slug":"participacio-en-el-circuit-comarcal-de-cros","status":"publish","type":"post","link":"https:\/\/agora.xtec.cat\/ieslajonquera\/general\/participacio-en-el-circuit-comarcal-de-cros\/","title":{"rendered":"Participaci\u00f3 en el Circuit Comarcal de Cros"},"content":{"rendered":"<p style=\"text-align: justify;\"><a href=\"https:\/\/agora.xtec.cat\/ieslajonquera\/wp-content\/uploads\/usu2014\/2023\/11\/IMG-20231111-WA0002.jpg\"><img loading=\"lazy\" decoding=\"async\" class=\"wp-image-5199 alignleft\" src=\"https:\/\/agora.xtec.cat\/ieslajonquera\/wp-content\/uploads\/usu2014\/2023\/11\/IMG-20231111-WA0002-768x1024.jpg\" alt=\"\" width=\"288\" height=\"384\" \/><\/a>La Gina Cuadros (1r A) i en Juli G\u00f3mez (2n B) van participar, el passat 11 de novembre a Forti\u00e0, en representaci\u00f3 de l&#8217;institut, a la segona prova del Circuit Comarcal de Cros, organitzat pel Consell Esportiu de l&#8217;Alt Empord\u00e0, conjuntament amb alguns ajuntaments, associaci\u00f3ns de fam\u00edlies d&#8217;alumnes i entitats esportives adherides al programa.<\/p>\n<p style=\"text-align: justify;\">En Juli G\u00f3mez, que tamb\u00e9 hi va participar el curs passat, ja va participar a la primera prova, a l&#8217;octubre, a Sant Pere Pescador.<\/p>\n<p style=\"text-align: justify;\">El circuit consta de cinc proves atl\u00e8tiques que tenen lloc a diferents municipis de la comarca i la participaci\u00f3 \u00e9s oberta a tot el p\u00fablic a partir de 3 anys. Es fan d&#8217;octubre a febrer, amb una prova per mes.<\/p>\n<p><a href=\"https:\/\/agora.xtec.cat\/ieslajonquera\/wp-content\/uploads\/usu2014\/2023\/11\/IMG-20231111-WA0009.jpg\"><img loading=\"lazy\" decoding=\"async\" class=\"alignnone wp-image-5200\" src=\"https:\/\/agora.xtec.cat\/ieslajonquera\/wp-content\/uploads\/usu2014\/2023\/11\/IMG-20231111-WA0009.jpg\" alt=\"\" width=\"239\" height=\"180\" srcset=\"https:\/\/agora.xtec.cat\/ieslajonquera\/wp-content\/uploads\/usu2014\/2023\/11\/IMG-20231111-WA0009.jpg 1024w, https:\/\/agora.xtec.cat\/ieslajonquera\/wp-content\/uploads\/usu2014\/2023\/11\/IMG-20231111-WA0009-300x225.jpg 300w, https:\/\/agora.xtec.cat\/ieslajonquera\/wp-content\/uploads\/usu2014\/2023\/11\/IMG-20231111-WA0009-768x576.jpg 768w, https:\/\/agora.xtec.cat\/ieslajonquera\/wp-content\/uploads\/usu2014\/2023\/11\/IMG-20231111-WA0009-200x150.jpg 200w\" sizes=\"auto, (max-width: 239px) 100vw, 239px\" \/>\u00a0 <\/a><a href=\"https:\/\/agora.xtec.cat\/ieslajonquera\/wp-content\/uploads\/usu2014\/2023\/11\/IMG-20231111-WA0008.jpg\"><img loading=\"lazy\" decoding=\"async\" class=\"alignnone wp-image-5201\" src=\"https:\/\/agora.xtec.cat\/ieslajonquera\/wp-content\/uploads\/usu2014\/2023\/11\/IMG-20231111-WA0008.jpg\" alt=\"\" width=\"134\" height=\"179\" srcset=\"https:\/\/agora.xtec.cat\/ieslajonquera\/wp-content\/uploads\/usu2014\/2023\/11\/IMG-20231111-WA0008.jpg 768w, https:\/\/agora.xtec.cat\/ieslajonquera\/wp-content\/uploads\/usu2014\/2023\/11\/IMG-20231111-WA0008-225x300.jpg 225w\" sizes=\"auto, (max-width: 134px) 100vw, 134px\" \/>\u00a0<\/a><\/p>\n","protected":false},"excerpt":{"rendered":"<p><a href=\"https:\/\/agora.xtec.cat\/ieslajonquera\/wp-content\/uploads\/usu2014\/2023\/11\/IMG-20231111-WA0002.jpg\"><\/a>La Gina Cuadros (1r A) i en Juli G\u00f3mez (2n B) van participar, el passat 11 de novembre a Forti\u00e0, en representaci\u00f3 de l&#8217;institut, a la segona prova del Circuit Comarcal de Cros, organitzat pel Consell Esportiu de l&#8217;Alt Empord\u00e0, conjuntament amb alguns ajuntaments,&hellip;  <a href=\"https:\/\/agora.xtec.cat\/ieslajonquera\/general\/participacio-en-el-circuit-comarcal-de-cros\/\" title=\"Read Participaci\u00f3 en el Circuit Comarcal de Cros\">Llegeix m\u00e9s\u00bb<\/a><\/p>\n","protected":false},"author":3,"featured_media":5199,"comment_status":"open","ping_status":"closed","sticky":false,"template":"","format":"standard","meta":{"_bbp_topic_count":0,"_bbp_reply_count":0,"_bbp_total_topic_count":0,"_bbp_total_reply_count":0,"_bbp_voice_count":0,"_bbp_anonymous_reply_count":0,"_bbp_topic_count_hidden":0,"_bbp_reply_count_hidden":0,"_bbp_forum_subforum_count":0,"footnotes":""},"categories":[1],"tags":[111],"class_list":["post-5198","post","type-post","status-publish","format-standard","has-post-thumbnail","hentry","category-general","tag-esport"],"post_mailing_queue_ids":[],"_links":{"self":[{"href":"https:\/\/agora.xtec.cat\/ieslajonquera\/wp-json\/wp\/v2\/posts\/5198","targetHints":{"allow":["GET"]}}],"collection":[{"href":"https:\/\/agora.xtec.cat\/ieslajonquera\/wp-json\/wp\/v2\/posts"}],"about":[{"href":"https:\/\/agora.xtec.cat\/ieslajonquera\/wp-json\/wp\/v2\/types\/post"}],"author":[{"embeddable":true,"href":"https:\/\/agora.xtec.cat\/ieslajonquera\/wp-json\/wp\/v2\/users\/3"}],"replies":[{"embeddable":true,"href":"https:\/\/agora.xtec.cat\/ieslajonquera\/wp-json\/wp\/v2\/comments?post=5198"}],"version-history":[{"count":1,"href":"https:\/\/agora.xtec.cat\/ieslajonquera\/wp-json\/wp\/v2\/posts\/5198\/revisions"}],"predecessor-version":[{"id":5202,"href":"https:\/\/agora.xtec.cat\/ieslajonquera\/wp-json\/wp\/v2\/posts\/5198\/revisions\/5202"}],"wp:featuredmedia":[{"embeddable":true,"href":"https:\/\/agora.xtec.cat\/ieslajonquera\/wp-json\/wp\/v2\/media\/5199"}],"wp:attachment":[{"href":"https:\/\/agora.xtec.cat\/ieslajonquera\/wp-json\/wp\/v2\/media?parent=5198"}],"wp:term":[{"taxonomy":"category","embeddable":true,"href":"https:\/\/agora.xtec.cat\/ieslajonquera\/wp-json\/wp\/v2\/categories?post=5198"},{"taxonomy":"post_tag","embeddable":true,"href":"https:\/\/agora.xtec.cat\/ieslajonquera\/wp-json\/wp\/v2\/tags?post=5198"}],"curies":[{"name":"wp","href":"https:\/\/api.w.org\/{rel}","templated":true}]}}