{"id":5156,"date":"2023-10-25T20:25:51","date_gmt":"2023-10-25T18:25:51","guid":{"rendered":"https:\/\/agora.xtec.cat\/ieslajonquera\/?p=5156"},"modified":"2023-10-25T20:25:51","modified_gmt":"2023-10-25T18:25:51","slug":"visita-a-la-biblioteca-municipal","status":"publish","type":"post","link":"https:\/\/agora.xtec.cat\/ieslajonquera\/general\/visita-a-la-biblioteca-municipal\/","title":{"rendered":"Visita a la Biblioteca Municipal"},"content":{"rendered":"<p style=\"text-align: justify;\"><a href=\"https:\/\/agora.xtec.cat\/ieslajonquera\/wp-content\/uploads\/usu2014\/2023\/10\/1r-dESO_Biblioteca-11.jpg\"><img loading=\"lazy\" decoding=\"async\" class=\"wp-image-5157 alignleft\" src=\"https:\/\/agora.xtec.cat\/ieslajonquera\/wp-content\/uploads\/usu2014\/2023\/10\/1r-dESO_Biblioteca-11.jpg\" alt=\"\" width=\"224\" height=\"168\" srcset=\"https:\/\/agora.xtec.cat\/ieslajonquera\/wp-content\/uploads\/usu2014\/2023\/10\/1r-dESO_Biblioteca-11.jpg 1024w, https:\/\/agora.xtec.cat\/ieslajonquera\/wp-content\/uploads\/usu2014\/2023\/10\/1r-dESO_Biblioteca-11-300x225.jpg 300w, https:\/\/agora.xtec.cat\/ieslajonquera\/wp-content\/uploads\/usu2014\/2023\/10\/1r-dESO_Biblioteca-11-768x576.jpg 768w, https:\/\/agora.xtec.cat\/ieslajonquera\/wp-content\/uploads\/usu2014\/2023\/10\/1r-dESO_Biblioteca-11-200x150.jpg 200w\" sizes=\"auto, (max-width: 224px) 100vw, 224px\" \/><\/a> <a href=\"https:\/\/agora.xtec.cat\/ieslajonquera\/wp-content\/uploads\/usu2014\/2023\/10\/1r-dESO_Biblioteca-21.jpg\"><img loading=\"lazy\" decoding=\"async\" class=\"wp-image-5158 alignleft\" src=\"https:\/\/agora.xtec.cat\/ieslajonquera\/wp-content\/uploads\/usu2014\/2023\/10\/1r-dESO_Biblioteca-21.jpg\" alt=\"\" width=\"224\" height=\"168\" srcset=\"https:\/\/agora.xtec.cat\/ieslajonquera\/wp-content\/uploads\/usu2014\/2023\/10\/1r-dESO_Biblioteca-21.jpg 1024w, https:\/\/agora.xtec.cat\/ieslajonquera\/wp-content\/uploads\/usu2014\/2023\/10\/1r-dESO_Biblioteca-21-300x225.jpg 300w, https:\/\/agora.xtec.cat\/ieslajonquera\/wp-content\/uploads\/usu2014\/2023\/10\/1r-dESO_Biblioteca-21-768x576.jpg 768w, https:\/\/agora.xtec.cat\/ieslajonquera\/wp-content\/uploads\/usu2014\/2023\/10\/1r-dESO_Biblioteca-21-200x150.jpg 200w\" sizes=\"auto, (max-width: 224px) 100vw, 224px\" \/><\/a> <a href=\"https:\/\/agora.xtec.cat\/ieslajonquera\/wp-content\/uploads\/usu2014\/2023\/10\/1r-dESO_Biblioteca-31-rotated.jpg\"><img loading=\"lazy\" decoding=\"async\" class=\"wp-image-5159 alignleft\" src=\"https:\/\/agora.xtec.cat\/ieslajonquera\/wp-content\/uploads\/usu2014\/2023\/10\/1r-dESO_Biblioteca-31-rotated.jpg\" alt=\"\" width=\"126\" height=\"168\" srcset=\"https:\/\/agora.xtec.cat\/ieslajonquera\/wp-content\/uploads\/usu2014\/2023\/10\/1r-dESO_Biblioteca-31-rotated.jpg 768w, https:\/\/agora.xtec.cat\/ieslajonquera\/wp-content\/uploads\/usu2014\/2023\/10\/1r-dESO_Biblioteca-31-225x300.jpg 225w\" sizes=\"auto, (max-width: 126px) 100vw, 126px\" \/><\/a>L&#8217;alumnat de 1r d&#8217;ESO A, B i C ha estat visitant, en tres dies diferents, la Bibliorteca Municipal de la Jonquera i ha comptat amb el guiatge de la Merc\u00e8 Crespo, la bibliotec\u00e0ria, que, al llarg de la visita, ha explicat el funcionament de les biblioteques de Catalunya i algunes dades de la de la Jonquera, com ara el nombre de llibres amb qu\u00e8 compta o l&#8217;any d&#8217;inauguraci\u00f3.<\/p>\n<p style=\"text-align: justify;\">La sortida es fa cada any des de la mat\u00e8ria de Catal\u00e0 amb l&#8217;objectiu de donar a con\u00e8ixer els serveis que ofereix i animar l&#8217;alumnat que hi vagi.<\/p>\n<p>&nbsp;<\/p>\n","protected":false},"excerpt":{"rendered":"<p><a href=\"https:\/\/agora.xtec.cat\/ieslajonquera\/wp-content\/uploads\/usu2014\/2023\/10\/1r-dESO_Biblioteca-11.jpg\"><\/a> <a href=\"https:\/\/agora.xtec.cat\/ieslajonquera\/wp-content\/uploads\/usu2014\/2023\/10\/1r-dESO_Biblioteca-21.jpg\"><\/a> <a href=\"https:\/\/agora.xtec.cat\/ieslajonquera\/wp-content\/uploads\/usu2014\/2023\/10\/1r-dESO_Biblioteca-31-rotated.jpg\"><\/a>L&#8217;alumnat de 1r d&#8217;ESO A, B i C ha estat visitant, en tres dies diferents, la Bibliorteca Municipal de la Jonquera i ha comptat amb el guiatge de la Merc\u00e8 Crespo, la bibliotec\u00e0ria, que, al llarg de la visita, ha&hellip;  <a href=\"https:\/\/agora.xtec.cat\/ieslajonquera\/general\/visita-a-la-biblioteca-municipal\/\" title=\"Read Visita a la Biblioteca Municipal\">Llegeix m\u00e9s\u00bb<\/a><\/p>\n","protected":false},"author":3,"featured_media":5159,"comment_status":"open","ping_status":"closed","sticky":false,"template":"","format":"standard","meta":{"_bbp_topic_count":0,"_bbp_reply_count":0,"_bbp_total_topic_count":0,"_bbp_total_reply_count":0,"_bbp_voice_count":0,"_bbp_anonymous_reply_count":0,"_bbp_topic_count_hidden":0,"_bbp_reply_count_hidden":0,"_bbp_forum_subforum_count":0,"footnotes":""},"categories":[4,3,1],"tags":[113],"class_list":["post-5156","post","type-post","status-publish","format-standard","has-post-thumbnail","hentry","category-eso-1","category-eso","category-general","tag-biblioteca"],"post_mailing_queue_ids":[],"_links":{"self":[{"href":"https:\/\/agora.xtec.cat\/ieslajonquera\/wp-json\/wp\/v2\/posts\/5156","targetHints":{"allow":["GET"]}}],"collection":[{"href":"https:\/\/agora.xtec.cat\/ieslajonquera\/wp-json\/wp\/v2\/posts"}],"about":[{"href":"https:\/\/agora.xtec.cat\/ieslajonquera\/wp-json\/wp\/v2\/types\/post"}],"author":[{"embeddable":true,"href":"https:\/\/agora.xtec.cat\/ieslajonquera\/wp-json\/wp\/v2\/users\/3"}],"replies":[{"embeddable":true,"href":"https:\/\/agora.xtec.cat\/ieslajonquera\/wp-json\/wp\/v2\/comments?post=5156"}],"version-history":[{"count":1,"href":"https:\/\/agora.xtec.cat\/ieslajonquera\/wp-json\/wp\/v2\/posts\/5156\/revisions"}],"predecessor-version":[{"id":5160,"href":"https:\/\/agora.xtec.cat\/ieslajonquera\/wp-json\/wp\/v2\/posts\/5156\/revisions\/5160"}],"wp:featuredmedia":[{"embeddable":true,"href":"https:\/\/agora.xtec.cat\/ieslajonquera\/wp-json\/wp\/v2\/media\/5159"}],"wp:attachment":[{"href":"https:\/\/agora.xtec.cat\/ieslajonquera\/wp-json\/wp\/v2\/media?parent=5156"}],"wp:term":[{"taxonomy":"category","embeddable":true,"href":"https:\/\/agora.xtec.cat\/ieslajonquera\/wp-json\/wp\/v2\/categories?post=5156"},{"taxonomy":"post_tag","embeddable":true,"href":"https:\/\/agora.xtec.cat\/ieslajonquera\/wp-json\/wp\/v2\/tags?post=5156"}],"curies":[{"name":"wp","href":"https:\/\/api.w.org\/{rel}","templated":true}]}}