{"id":5136,"date":"2023-10-16T09:55:00","date_gmt":"2023-10-16T07:55:00","guid":{"rendered":"https:\/\/agora.xtec.cat\/ieslajonquera\/?p=5136"},"modified":"2023-10-16T10:53:36","modified_gmt":"2023-10-16T08:53:36","slug":"totes-les-activitats-de-la-setmana-de-halloween-castanyada","status":"publish","type":"post","link":"https:\/\/agora.xtec.cat\/ieslajonquera\/general\/totes-les-activitats-de-la-setmana-de-halloween-castanyada\/","title":{"rendered":"Totes les activitats de la Setmana de Halloween-Castanyada"},"content":{"rendered":"<p><a href=\"https:\/\/agora.xtec.cat\/ieslajonquera\/wp-content\/uploads\/usu2014\/2023\/10\/Castanya-Diabolica_Cartell1.jpg\"><img loading=\"lazy\" decoding=\"async\" class=\" wp-image-5137 alignleft\" src=\"https:\/\/agora.xtec.cat\/ieslajonquera\/wp-content\/uploads\/usu2014\/2023\/10\/Castanya-Diabolica_Cartell1-212x300.jpg\" alt=\"\" width=\"323\" height=\"457\" \/><\/a>A continuaci\u00f3 us expliquem quines s\u00f3n les activitats previstes per la Setmana de Halloween-Castanyada, que se celebrar\u00e0 al nostre institut del 23 al 27 d&#8217;octubre:<\/p>\n<p>Des del dilluns 23 les <strong>aules<\/strong> de 1r i 2n d&#8217;ESO estaran <strong>decorades<\/strong> amb motius terror\u00edfics. La biblioteca tamb\u00e9!<\/p>\n<p>El divendres 27, els membres del <strong>Club de Lectura<\/strong> assistiran a la seva primera sessi\u00f3, que tindr\u00e0 lloc a la biblioteca, a segona hora.<\/p>\n<p>Al llarg de la setmana hi haur\u00e0 dos <strong>concursos<\/strong>:<\/p>\n<h5><strong>1. V Concurs de relat breu<\/strong> <strong>La<\/strong> <strong>Castanya Diab\u00f2lica<\/strong>:<\/h5>\n<p>&#8211; La tem\u00e0tica del concurs \u00e9s el terror.<\/p>\n<p>&#8211; El relat ha de ser in\u00e8dit.<\/p>\n<p>&#8211; El relat ha de contenir un t\u00edtol que no ha de ser \u201cLa castanya diab\u00f2lica\u201d.<\/p>\n<p>&#8211; Al llarg de la hist\u00f2ria hi han d\u2019apar\u00e8ixer 2 d\u2019aquestes 4 expressions: &#8220;No tenir-les totes&#8221;, &#8220;Agafar cagarrines&#8221;, &#8220;Caure d&#8217;esquena&#8221;, &#8220;Posar-se-li els ous per corbata&#8221;<\/p>\n<p>&#8211; L&#8217;extensi\u00f3 ha de ser d&#8217;1 full per una cara, escrit a ordinador, cos de lletra 12, espai d\u20191,5 i tipus de lletra lliure.<\/p>\n<p>&#8211; El termini per lliurar els relats \u00e9s el 27 d\u2019octubre.<\/p>\n<p>&#8211; El lliurament s&#8217;ha de fer a biblioteca@inslajonquera.cat<\/p>\n<p>&#8211; A 1r de Batxillerat hi ha la categoria de Sonet Diab\u00f2lic per a l\u2019alumnat de la mat\u00e8ria Creaci\u00f3 Liter\u00e0ria i \u00e9s obligatori.<\/p>\n<p>&#8211; El concurs \u00e9s voluntari a l\u2019ESO i Batxillerat en la resta de categories.<\/p>\n<p>&#8211; Hi ha 5 categories i 5 premis:<\/p>\n<ul>\n<li>Categoria A: 1r i 2n d&#8217;ESO: 1r premi<\/li>\n<li>Categoria B: 3r i 4t d&#8217;ESO: 1r premi<\/li>\n<li>Categoria C: 1r i 2n de BAT: 1r premi<\/li>\n<li>Categoria D: PFI: 1r premi<\/li>\n<li>Categoria El Sonet Diab\u00f2lic: 1r premi<\/li>\n<\/ul>\n<p>&#8211; Els premis consisteixen en un lot d&#8217;un val de l&#8217;Abacus + 1 llibre.<\/p>\n<p>&#8211; El jurat est\u00e0 constitu\u00eft pels membres de la Comissi\u00f3 de Biblioteca.<\/p>\n<h5>2. <strong>II Concurs de carbasses decorades La Carbassa Diab\u00f2lica<\/strong>:<\/h5>\n<p>&#8211; Es tracta de portar una carbassa buidada i esculpida<\/p>\n<p>&#8211; La tem\u00e0tica del concurs \u00e9s Halloween.<\/p>\n<p>&#8211; El concurs \u00e9s voluntari a ESO, Batxillerat i PFI<\/p>\n<p>&#8211; El termini per portar les carbasses \u00e9s el 24 d\u2019octubre.<\/p>\n<p>&#8211; Les carbasses s\u2019exposaran al vest\u00edbul amb espelmes el\u00e8ctriques i seran numerades i registrades per la Comissi\u00f3 de Biblioteca.<\/p>\n<p>&#8211; El jurat est\u00e0 constitu\u00eft per tot el professorat, alumnat i personal PAS, que\u00a0 podran votar al llarg de la setmana a l\u2019hora del pati.<\/p>\n<p>&#8211; Hi haur\u00e0 un sol premi a la carbassa m\u00e9s votada, que consisteix en un lot d&#8217;un val de l&#8217;Abacus + 1 llibre.<\/p>\n<p>Tots els participants dels concursos rebran un petit detall.<\/p>\n","protected":false},"excerpt":{"rendered":"<p><a href=\"https:\/\/agora.xtec.cat\/ieslajonquera\/wp-content\/uploads\/usu2014\/2023\/10\/Castanya-Diabolica_Cartell1.jpg\"><\/a>A continuaci\u00f3 us expliquem quines s\u00f3n les activitats previstes per la Setmana de Halloween-Castanyada, que se celebrar\u00e0 al nostre institut del 23 al 27 d&#8217;octubre:<br \/>\nDes del dilluns 23 les aules de 1r i 2n d&#8217;ESO estaran decorades amb motius terror\u00edfics. La biblioteca tamb\u00e9!<br \/>\nEl divendres&hellip;  <a href=\"https:\/\/agora.xtec.cat\/ieslajonquera\/general\/totes-les-activitats-de-la-setmana-de-halloween-castanyada\/\" title=\"Read Totes les activitats de la Setmana de Halloween-Castanyada\">Llegeix m\u00e9s\u00bb<\/a><\/p>\n","protected":false},"author":3,"featured_media":5137,"comment_status":"open","ping_status":"closed","sticky":false,"template":"","format":"standard","meta":{"_bbp_topic_count":0,"_bbp_reply_count":0,"_bbp_total_topic_count":0,"_bbp_total_reply_count":0,"_bbp_voice_count":0,"_bbp_anonymous_reply_count":0,"_bbp_topic_count_hidden":0,"_bbp_reply_count_hidden":0,"_bbp_forum_subforum_count":0,"footnotes":""},"categories":[3,1],"tags":[113,106,133,57,124],"class_list":["post-5136","post","type-post","status-publish","format-standard","has-post-thumbnail","hentry","category-eso","category-general","tag-biblioteca","tag-concurs","tag-creativitat","tag-expressio-escrita","tag-literatura"],"post_mailing_queue_ids":[],"_links":{"self":[{"href":"https:\/\/agora.xtec.cat\/ieslajonquera\/wp-json\/wp\/v2\/posts\/5136","targetHints":{"allow":["GET"]}}],"collection":[{"href":"https:\/\/agora.xtec.cat\/ieslajonquera\/wp-json\/wp\/v2\/posts"}],"about":[{"href":"https:\/\/agora.xtec.cat\/ieslajonquera\/wp-json\/wp\/v2\/types\/post"}],"author":[{"embeddable":true,"href":"https:\/\/agora.xtec.cat\/ieslajonquera\/wp-json\/wp\/v2\/users\/3"}],"replies":[{"embeddable":true,"href":"https:\/\/agora.xtec.cat\/ieslajonquera\/wp-json\/wp\/v2\/comments?post=5136"}],"version-history":[{"count":6,"href":"https:\/\/agora.xtec.cat\/ieslajonquera\/wp-json\/wp\/v2\/posts\/5136\/revisions"}],"predecessor-version":[{"id":5144,"href":"https:\/\/agora.xtec.cat\/ieslajonquera\/wp-json\/wp\/v2\/posts\/5136\/revisions\/5144"}],"wp:featuredmedia":[{"embeddable":true,"href":"https:\/\/agora.xtec.cat\/ieslajonquera\/wp-json\/wp\/v2\/media\/5137"}],"wp:attachment":[{"href":"https:\/\/agora.xtec.cat\/ieslajonquera\/wp-json\/wp\/v2\/media?parent=5136"}],"wp:term":[{"taxonomy":"category","embeddable":true,"href":"https:\/\/agora.xtec.cat\/ieslajonquera\/wp-json\/wp\/v2\/categories?post=5136"},{"taxonomy":"post_tag","embeddable":true,"href":"https:\/\/agora.xtec.cat\/ieslajonquera\/wp-json\/wp\/v2\/tags?post=5136"}],"curies":[{"name":"wp","href":"https:\/\/api.w.org\/{rel}","templated":true}]}}