{"id":5098,"date":"2023-09-01T16:29:58","date_gmt":"2023-09-01T14:29:58","guid":{"rendered":"https:\/\/agora.xtec.cat\/ieslajonquera\/?p=5098"},"modified":"2023-09-01T16:31:05","modified_gmt":"2023-09-01T14:31:05","slug":"instruccions-dinici-de-curs","status":"publish","type":"post","link":"https:\/\/agora.xtec.cat\/ieslajonquera\/general\/instruccions-dinici-de-curs\/","title":{"rendered":"Instruccions d&#8217;inici de curs"},"content":{"rendered":"<p><a href=\"https:\/\/agora.xtec.cat\/ieslajonquera\/wp-content\/uploads\/usu2014\/2023\/09\/29.jpg\"><img loading=\"lazy\" decoding=\"async\" class=\" wp-image-5099 alignleft\" src=\"https:\/\/agora.xtec.cat\/ieslajonquera\/wp-content\/uploads\/usu2014\/2023\/09\/29-300x300.jpg\" alt=\"\" width=\"353\" height=\"353\" \/><\/a><strong>ESO<\/strong><\/p>\n<p style=\"text-align: justify;\">Les classes comencen el <strong>6 de setembre<\/strong> a les 8.10 h.<\/p>\n<p style=\"text-align: justify;\">L&#8217;\u00fanic acc\u00e9s al centre al llarg de tot el curs i per a tots els nivells \u00e9s la <strong>porta principal<\/strong>.<\/p>\n<p style=\"text-align: justify;\">Quan arribeu al centre, us heu de distribuir de la seg\u00fcent manera:<\/p>\n<ul style=\"list-style-type: circle; text-align: justify;\">\n<li>L&#8217;alumnat de <strong>1r d&#8217;ESO<\/strong> heu d&#8217;anar a la <strong>Sala Polivalent<\/strong>.<\/li>\n<li>L&#8217;alumnat de <strong>2n, 3r i 4t d&#8217;ESO<\/strong> heu d&#8217;anar al pati, a la zona de la <strong>pista<\/strong>.<\/li>\n<\/ul>\n<p style=\"text-align: justify;\">El primer dia de curs, la <strong>distribuci\u00f3 hor\u00e0ria<\/strong> \u00e9s la seg\u00fcent:<\/p>\n<ul style=\"list-style-type: circle; text-align: justify;\">\n<li>De les 8.10 h a les 10.10 h: rebuda i presentaci\u00f3<\/li>\n<li>De les 10.10 h a les 14.40 h: inici de les classes<\/li>\n<\/ul>\n<p style=\"text-align: justify;\"><strong>BATXILLERAT<\/strong><\/p>\n<p style=\"text-align: justify;\">Les classes comencen el <strong>12 de setembre<\/strong> a les 8.10 h.<\/p>\n<p style=\"text-align: justify;\">L&#8217;\u00fanic acc\u00e9s al centre al llarg de tot el curs i per a tots els nivells \u00e9s la <strong>porta principal<\/strong>.<\/p>\n<p>Quan arribeu al centre us heu d&#8217;esperar a davant de <strong>consergeria<\/strong>.<\/p>\n<p>El primer dia de curs, la <strong>distribuci\u00f3 hor\u00e0ria<\/strong> \u00e9s la seg\u00fcent:<\/p>\n<ul>\n<li>De les 8.10 h a les 9.10 h: rebuda i presentaci\u00f3<\/li>\n<li>De les 9.10 h a les 14.40 h: inici de les classes<\/li>\n<\/ul>\n","protected":false},"excerpt":{"rendered":"<p><a href=\"https:\/\/agora.xtec.cat\/ieslajonquera\/wp-content\/uploads\/usu2014\/2023\/09\/29.jpg\"><\/a>ESO<br \/>\nLes classes comencen el 6 de setembre a les 8.10 h.<br \/>\nL&#8217;\u00fanic acc\u00e9s al centre al llarg de tot el curs i per a tots els nivells \u00e9s la porta principal.<br \/>\nQuan arribeu al centre, us heu de distribuir de la seg\u00fcent manera:<\/p>\n<ul style=\"list-style-type: circle; text-align:&hellip;  <a href=\"https:\/\/agora.xtec.cat\/ieslajonquera\/general\/instruccions-dinici-de-curs\/\" title=\"Read Instruccions d&#8217;inici de curs\">Llegeix m\u00e9s\u00bb<\/a><\/p>\n","protected":false},"author":3,"featured_media":5099,"comment_status":"open","ping_status":"closed","sticky":false,"template":"","format":"standard","meta":{"_bbp_topic_count":0,"_bbp_reply_count":0,"_bbp_total_topic_count":0,"_bbp_total_reply_count":0,"_bbp_voice_count":0,"_bbp_anonymous_reply_count":0,"_bbp_topic_count_hidden":0,"_bbp_reply_count_hidden":0,"_bbp_forum_subforum_count":0,"footnotes":""},"categories":[1],"tags":[],"class_list":["post-5098","post","type-post","status-publish","format-standard","has-post-thumbnail","hentry","category-general"],"post_mailing_queue_ids":[],"_links":{"self":[{"href":"https:\/\/agora.xtec.cat\/ieslajonquera\/wp-json\/wp\/v2\/posts\/5098","targetHints":{"allow":["GET"]}}],"collection":[{"href":"https:\/\/agora.xtec.cat\/ieslajonquera\/wp-json\/wp\/v2\/posts"}],"about":[{"href":"https:\/\/agora.xtec.cat\/ieslajonquera\/wp-json\/wp\/v2\/types\/post"}],"author":[{"embeddable":true,"href":"https:\/\/agora.xtec.cat\/ieslajonquera\/wp-json\/wp\/v2\/users\/3"}],"replies":[{"embeddable":true,"href":"https:\/\/agora.xtec.cat\/ieslajonquera\/wp-json\/wp\/v2\/comments?post=5098"}],"version-history":[{"count":1,"href":"https:\/\/agora.xtec.cat\/ieslajonquera\/wp-json\/wp\/v2\/posts\/5098\/revisions"}],"predecessor-version":[{"id":5100,"href":"https:\/\/agora.xtec.cat\/ieslajonquera\/wp-json\/wp\/v2\/posts\/5098\/revisions\/5100"}],"wp:featuredmedia":[{"embeddable":true,"href":"https:\/\/agora.xtec.cat\/ieslajonquera\/wp-json\/wp\/v2\/media\/5099"}],"wp:attachment":[{"href":"https:\/\/agora.xtec.cat\/ieslajonquera\/wp-json\/wp\/v2\/media?parent=5098"}],"wp:term":[{"taxonomy":"category","embeddable":true,"href":"https:\/\/agora.xtec.cat\/ieslajonquera\/wp-json\/wp\/v2\/categories?post=5098"},{"taxonomy":"post_tag","embeddable":true,"href":"https:\/\/agora.xtec.cat\/ieslajonquera\/wp-json\/wp\/v2\/tags?post=5098"}],"curies":[{"name":"wp","href":"https:\/\/api.w.org\/{rel}","templated":true}]}}