{"id":4932,"date":"2023-06-27T17:48:36","date_gmt":"2023-06-27T15:48:36","guid":{"rendered":"https:\/\/agora.xtec.cat\/ieslajonquera\/?p=4932"},"modified":"2023-06-27T17:48:36","modified_gmt":"2023-06-27T15:48:36","slug":"concurs-astro-pi-a-lespera-del-veredicte-final","status":"publish","type":"post","link":"https:\/\/agora.xtec.cat\/ieslajonquera\/general\/concurs-astro-pi-a-lespera-del-veredicte-final\/","title":{"rendered":"Concurs Astro PI: A l&#8217;espera del veredicte final"},"content":{"rendered":"<div id=\":1ao\" class=\"ii gt\">\n<div id=\":px\" class=\"a3s aiL \">\n<div dir=\"ltr\">\n<p class=\"gmail_default\" style=\"text-align: justify;\">Ja hem arribat a final de curs i per la revetlla de Sant Joan vam enviar l&#8217;informe final dels dos grups de l&#8217;institut (1r de Batxillerat i Grup Reptes) que han participat al concurs Astro Pi de l&#8217;Ag\u00e8ncia Espacial Europea. Hem fet la feina el millor que hem pogut. Hem apr\u00e8s molt\u00edssim en molts \u00e0mbits (programaci\u00f3 inform\u00e0tica, biologia, canvi clim\u00e0tic, teledetecci\u00f3, etc. ) i gr\u00e0cies a l&#8217;ajuda d&#8217;investigadors del CSIC (en Fernando Garc\u00eda i en Jordi Boada, del CEAB, i la Isabel Caballero, del ICMAN) hem pogut descobrir algunes de les recerques que es fan en aquests \u00e0mbits. Tamb\u00e9 ens emportem un bon aprenentatge del que vol dir realitzar un treball de recerca i de com hem de treballar de forma cooperativa per aconseguir un objectiu com\u00fa.<\/p>\n<p class=\"gmail_default\" style=\"text-align: justify;\">Ara toca esperar els resultats del concurs durant el mes de juliol, per\u00f2 tant ens fa la nostra posici\u00f3, l&#8217;experi\u00e8ncia i l&#8217;aprenentatge han estat brutals i aix\u00f2 ja \u00e9s un gran premi.<\/p>\n<p class=\"gmail_default\" style=\"text-align: justify;\">Us compartim algunes de les fotografies (desembocadura de l&#8217;Amazones, costa oest d&#8217;Austr\u00e0lia, illa de Vancouver i Salt Lake City) que hem pogut fer des de l&#8217;Estaci\u00f3 Espacial Internacional (a 470 km de la Terra) com a petita mostra dels projectes. Per poder interpretar-les considereu que les parts blanques o verdes s\u00f3n terra i la part fosca \u00e9s mar ja que han estat presses amb un filtre de Infraroig.<\/p>\n<table style=\"border-collapse: collapse; width: 82.8277%;\">\n<tbody>\n<tr>\n<td style=\"width: 20.491%;\"><a href=\"https:\/\/agora.xtec.cat\/ieslajonquera\/wp-content\/uploads\/usu2014\/2023\/06\/Sinople_photo_073.jpg\"><img loading=\"lazy\" decoding=\"async\" class=\"aligncenter size-medium wp-image-4933\" src=\"https:\/\/agora.xtec.cat\/ieslajonquera\/wp-content\/uploads\/usu2014\/2023\/06\/Sinople_photo_073-300x225.jpg\" alt=\"\" width=\"300\" height=\"225\" srcset=\"https:\/\/agora.xtec.cat\/ieslajonquera\/wp-content\/uploads\/usu2014\/2023\/06\/Sinople_photo_073-300x225.jpg 300w, https:\/\/agora.xtec.cat\/ieslajonquera\/wp-content\/uploads\/usu2014\/2023\/06\/Sinople_photo_073-1024x768.jpg 1024w, https:\/\/agora.xtec.cat\/ieslajonquera\/wp-content\/uploads\/usu2014\/2023\/06\/Sinople_photo_073-768x576.jpg 768w, https:\/\/agora.xtec.cat\/ieslajonquera\/wp-content\/uploads\/usu2014\/2023\/06\/Sinople_photo_073-200x150.jpg 200w, https:\/\/agora.xtec.cat\/ieslajonquera\/wp-content\/uploads\/usu2014\/2023\/06\/Sinople_photo_073.jpg 1296w\" sizes=\"auto, (max-width: 300px) 100vw, 300px\" \/><\/a><\/td>\n<td style=\"width: 20.7381%;\"><a href=\"https:\/\/agora.xtec.cat\/ieslajonquera\/wp-content\/uploads\/usu2014\/2023\/06\/photo_029.jpg\"><img loading=\"lazy\" decoding=\"async\" class=\"aligncenter size-medium wp-image-4934\" src=\"https:\/\/agora.xtec.cat\/ieslajonquera\/wp-content\/uploads\/usu2014\/2023\/06\/photo_029-300x225.jpg\" alt=\"\" width=\"300\" height=\"225\" srcset=\"https:\/\/agora.xtec.cat\/ieslajonquera\/wp-content\/uploads\/usu2014\/2023\/06\/photo_029-300x225.jpg 300w, https:\/\/agora.xtec.cat\/ieslajonquera\/wp-content\/uploads\/usu2014\/2023\/06\/photo_029-1024x768.jpg 1024w, https:\/\/agora.xtec.cat\/ieslajonquera\/wp-content\/uploads\/usu2014\/2023\/06\/photo_029-768x576.jpg 768w, https:\/\/agora.xtec.cat\/ieslajonquera\/wp-content\/uploads\/usu2014\/2023\/06\/photo_029-200x150.jpg 200w, https:\/\/agora.xtec.cat\/ieslajonquera\/wp-content\/uploads\/usu2014\/2023\/06\/photo_029.jpg 1296w\" sizes=\"auto, (max-width: 300px) 100vw, 300px\" \/><\/a><\/td>\n<td style=\"width: 20.4293%;\"><a href=\"https:\/\/agora.xtec.cat\/ieslajonquera\/wp-content\/uploads\/usu2014\/2023\/06\/Sinople_photo_228.jpg\"><img loading=\"lazy\" decoding=\"async\" class=\"aligncenter size-medium wp-image-4935\" src=\"https:\/\/agora.xtec.cat\/ieslajonquera\/wp-content\/uploads\/usu2014\/2023\/06\/Sinople_photo_228-300x225.jpg\" alt=\"\" width=\"300\" height=\"225\" srcset=\"https:\/\/agora.xtec.cat\/ieslajonquera\/wp-content\/uploads\/usu2014\/2023\/06\/Sinople_photo_228-300x225.jpg 300w, https:\/\/agora.xtec.cat\/ieslajonquera\/wp-content\/uploads\/usu2014\/2023\/06\/Sinople_photo_228-1024x768.jpg 1024w, https:\/\/agora.xtec.cat\/ieslajonquera\/wp-content\/uploads\/usu2014\/2023\/06\/Sinople_photo_228-768x576.jpg 768w, https:\/\/agora.xtec.cat\/ieslajonquera\/wp-content\/uploads\/usu2014\/2023\/06\/Sinople_photo_228-200x150.jpg 200w, https:\/\/agora.xtec.cat\/ieslajonquera\/wp-content\/uploads\/usu2014\/2023\/06\/Sinople_photo_228.jpg 1296w\" sizes=\"auto, (max-width: 300px) 100vw, 300px\" \/><\/a><\/td>\n<td style=\"width: 21.6101%;\"><a href=\"https:\/\/agora.xtec.cat\/ieslajonquera\/wp-content\/uploads\/usu2014\/2023\/06\/photo_147.jpg\"><img loading=\"lazy\" decoding=\"async\" class=\"aligncenter size-medium wp-image-4936\" src=\"https:\/\/agora.xtec.cat\/ieslajonquera\/wp-content\/uploads\/usu2014\/2023\/06\/photo_147-300x225.jpg\" alt=\"\" width=\"300\" height=\"225\" srcset=\"https:\/\/agora.xtec.cat\/ieslajonquera\/wp-content\/uploads\/usu2014\/2023\/06\/photo_147-300x225.jpg 300w, https:\/\/agora.xtec.cat\/ieslajonquera\/wp-content\/uploads\/usu2014\/2023\/06\/photo_147-1024x768.jpg 1024w, https:\/\/agora.xtec.cat\/ieslajonquera\/wp-content\/uploads\/usu2014\/2023\/06\/photo_147-768x576.jpg 768w, https:\/\/agora.xtec.cat\/ieslajonquera\/wp-content\/uploads\/usu2014\/2023\/06\/photo_147-200x150.jpg 200w, https:\/\/agora.xtec.cat\/ieslajonquera\/wp-content\/uploads\/usu2014\/2023\/06\/photo_147.jpg 1296w\" sizes=\"auto, (max-width: 300px) 100vw, 300px\" \/><\/a><\/td>\n<\/tr>\n<\/tbody>\n<\/table>\n<\/div>\n<p class=\"yj6qo\" style=\"text-align: justify;\">\n<div class=\"adL\"><\/div>\n<\/div>\n<\/div>\n<div id=\":3kj\" class=\"hq gt\">\n<div class=\"hp\"><\/div>\n<\/div>\n","protected":false},"excerpt":{"rendered":"<p>Ja hem arribat a final de curs i per la revetlla de Sant Joan vam enviar l&#8217;informe final dels dos grups de l&#8217;institut (1r de Batxillerat i Grup Reptes) que han participat al concurs Astro Pi de l&#8217;Ag\u00e8ncia Espacial Europea. Hem fet la feina el&hellip;  <a href=\"https:\/\/agora.xtec.cat\/ieslajonquera\/general\/concurs-astro-pi-a-lespera-del-veredicte-final\/\" title=\"Read Concurs Astro PI: A l&#8217;espera del veredicte final\">Llegeix m\u00e9s\u00bb<\/a><\/p>\n","protected":false},"author":3,"featured_media":4933,"comment_status":"open","ping_status":"closed","sticky":false,"template":"","format":"standard","meta":{"_bbp_topic_count":0,"_bbp_reply_count":0,"_bbp_total_topic_count":0,"_bbp_total_reply_count":0,"_bbp_voice_count":0,"_bbp_anonymous_reply_count":0,"_bbp_topic_count_hidden":0,"_bbp_reply_count_hidden":0,"_bbp_forum_subforum_count":0,"footnotes":""},"categories":[1],"tags":[106,132,138],"class_list":["post-4932","post","type-post","status-publish","format-standard","has-post-thumbnail","hentry","category-general","tag-concurs","tag-projectes","tag-tecnologia"],"post_mailing_queue_ids":[],"_links":{"self":[{"href":"https:\/\/agora.xtec.cat\/ieslajonquera\/wp-json\/wp\/v2\/posts\/4932","targetHints":{"allow":["GET"]}}],"collection":[{"href":"https:\/\/agora.xtec.cat\/ieslajonquera\/wp-json\/wp\/v2\/posts"}],"about":[{"href":"https:\/\/agora.xtec.cat\/ieslajonquera\/wp-json\/wp\/v2\/types\/post"}],"author":[{"embeddable":true,"href":"https:\/\/agora.xtec.cat\/ieslajonquera\/wp-json\/wp\/v2\/users\/3"}],"replies":[{"embeddable":true,"href":"https:\/\/agora.xtec.cat\/ieslajonquera\/wp-json\/wp\/v2\/comments?post=4932"}],"version-history":[{"count":1,"href":"https:\/\/agora.xtec.cat\/ieslajonquera\/wp-json\/wp\/v2\/posts\/4932\/revisions"}],"predecessor-version":[{"id":4937,"href":"https:\/\/agora.xtec.cat\/ieslajonquera\/wp-json\/wp\/v2\/posts\/4932\/revisions\/4937"}],"wp:featuredmedia":[{"embeddable":true,"href":"https:\/\/agora.xtec.cat\/ieslajonquera\/wp-json\/wp\/v2\/media\/4933"}],"wp:attachment":[{"href":"https:\/\/agora.xtec.cat\/ieslajonquera\/wp-json\/wp\/v2\/media?parent=4932"}],"wp:term":[{"taxonomy":"category","embeddable":true,"href":"https:\/\/agora.xtec.cat\/ieslajonquera\/wp-json\/wp\/v2\/categories?post=4932"},{"taxonomy":"post_tag","embeddable":true,"href":"https:\/\/agora.xtec.cat\/ieslajonquera\/wp-json\/wp\/v2\/tags?post=4932"}],"curies":[{"name":"wp","href":"https:\/\/api.w.org\/{rel}","templated":true}]}}