{"id":4899,"date":"2023-06-27T17:13:54","date_gmt":"2023-06-27T15:13:54","guid":{"rendered":"https:\/\/agora.xtec.cat\/ieslajonquera\/?p=4899"},"modified":"2023-06-27T17:23:50","modified_gmt":"2023-06-27T15:23:50","slug":"activitats-de-final-de-curs","status":"publish","type":"post","link":"https:\/\/agora.xtec.cat\/ieslajonquera\/general\/activitats-de-final-de-curs\/","title":{"rendered":"Activitats de final de curs"},"content":{"rendered":"<p>Al llarg de les dues \u00faltimes setmanes del curs, han tingut lloc al centre algunes activitats singulars com les que expliquem a continuaci\u00f3:<\/p>\n<table style=\"border-collapse: collapse; width: 91.6589%; height: 2072px;\">\n<tbody>\n<tr style=\"height: 248px;\">\n<td style=\"width: 19.1731%; height: 248px;\"><a href=\"https:\/\/agora.xtec.cat\/ieslajonquera\/wp-content\/uploads\/usu2014\/2023\/06\/IMG-20230611-WA0005.jpg\"><img loading=\"lazy\" decoding=\"async\" class=\"size-medium wp-image-4912 alignleft\" src=\"https:\/\/agora.xtec.cat\/ieslajonquera\/wp-content\/uploads\/usu2014\/2023\/06\/IMG-20230611-WA0005-300x225.jpg\" alt=\"\" width=\"300\" height=\"225\" srcset=\"https:\/\/agora.xtec.cat\/ieslajonquera\/wp-content\/uploads\/usu2014\/2023\/06\/IMG-20230611-WA0005-300x225.jpg 300w, https:\/\/agora.xtec.cat\/ieslajonquera\/wp-content\/uploads\/usu2014\/2023\/06\/IMG-20230611-WA0005-1024x769.jpg 1024w, https:\/\/agora.xtec.cat\/ieslajonquera\/wp-content\/uploads\/usu2014\/2023\/06\/IMG-20230611-WA0005-768x576.jpg 768w, https:\/\/agora.xtec.cat\/ieslajonquera\/wp-content\/uploads\/usu2014\/2023\/06\/IMG-20230611-WA0005-1536x1153.jpg 1536w, https:\/\/agora.xtec.cat\/ieslajonquera\/wp-content\/uploads\/usu2014\/2023\/06\/IMG-20230611-WA0005-200x150.jpg 200w, https:\/\/agora.xtec.cat\/ieslajonquera\/wp-content\/uploads\/usu2014\/2023\/06\/IMG-20230611-WA0005.jpg 1600w\" sizes=\"auto, (max-width: 300px) 100vw, 300px\" \/><\/a><\/td>\n<td style=\"width: 86.3726%; height: 248px;\">Viatge cultural de 1r de Batxillerat a Roma i Pompeia. Podeu veure m\u00e9s fotos en el seg\u00fcent <a href=\"https:\/\/drive.google.com\/drive\/folders\/1VLwVwfXlN_FCzKbeibWBsw1yrlzzsoST?usp=sharing\">enlla\u00e7<\/a>.<\/td>\n<\/tr>\n<tr style=\"height: 224px;\">\n<td style=\"width: 19.1731%; height: 224px;\"><a href=\"https:\/\/agora.xtec.cat\/ieslajonquera\/wp-content\/uploads\/usu2014\/2023\/06\/IMG-20230611-WA0011.jpg\"><img loading=\"lazy\" decoding=\"async\" class=\"size-medium wp-image-4911 alignleft\" src=\"https:\/\/agora.xtec.cat\/ieslajonquera\/wp-content\/uploads\/usu2014\/2023\/06\/IMG-20230611-WA0011-300x200.jpg\" alt=\"\" width=\"300\" height=\"200\" srcset=\"https:\/\/agora.xtec.cat\/ieslajonquera\/wp-content\/uploads\/usu2014\/2023\/06\/IMG-20230611-WA0011-300x200.jpg 300w, https:\/\/agora.xtec.cat\/ieslajonquera\/wp-content\/uploads\/usu2014\/2023\/06\/IMG-20230611-WA0011-768x513.jpg 768w, https:\/\/agora.xtec.cat\/ieslajonquera\/wp-content\/uploads\/usu2014\/2023\/06\/IMG-20230611-WA0011.jpg 808w\" sizes=\"auto, (max-width: 300px) 100vw, 300px\" \/><\/a><\/td>\n<td style=\"width: 86.3726%; height: 224px;\">Viatge de final de curs de 4t d&#8217;ESO a Madrid. Podeu veure m\u00e9s fotos en el seg\u00fcent <a href=\"https:\/\/drive.google.com\/drive\/folders\/1VCCpb_OHT5ZEvGRNmn24o_dWrIRtGWeP?usp=sharing\">enlla\u00e7<\/a>.<\/td>\n<\/tr>\n<tr style=\"height: 330px;\">\n<td style=\"width: 19.1731%; height: 330px;\"><a href=\"https:\/\/agora.xtec.cat\/ieslajonquera\/wp-content\/uploads\/usu2014\/2023\/06\/20230616_1118301.jpg\"><img loading=\"lazy\" decoding=\"async\" class=\"size-medium wp-image-4913 alignleft\" src=\"https:\/\/agora.xtec.cat\/ieslajonquera\/wp-content\/uploads\/usu2014\/2023\/06\/20230616_1118301-236x300.jpg\" alt=\"\" width=\"236\" height=\"300\" srcset=\"https:\/\/agora.xtec.cat\/ieslajonquera\/wp-content\/uploads\/usu2014\/2023\/06\/20230616_1118301-236x300.jpg 236w, https:\/\/agora.xtec.cat\/ieslajonquera\/wp-content\/uploads\/usu2014\/2023\/06\/20230616_1118301-805x1024.jpg 805w, https:\/\/agora.xtec.cat\/ieslajonquera\/wp-content\/uploads\/usu2014\/2023\/06\/20230616_1118301-768x977.jpg 768w, https:\/\/agora.xtec.cat\/ieslajonquera\/wp-content\/uploads\/usu2014\/2023\/06\/20230616_1118301.jpg 1024w\" sizes=\"auto, (max-width: 236px) 100vw, 236px\" \/><\/a><\/td>\n<td style=\"width: 86.3726%; height: 330px;\">Sortida de final de curs de 1r d&#8217;ESO a Banyoles, a fer &#8220;Dragon Boat&#8221; a l&#8217;estany.<\/td>\n<\/tr>\n<tr style=\"height: 332px;\">\n<td style=\"width: 19.1731%; height: 332px;\"><a href=\"https:\/\/agora.xtec.cat\/ieslajonquera\/wp-content\/uploads\/usu2014\/2023\/06\/IMG-20230614-WA0007.jpg\"><img loading=\"lazy\" decoding=\"async\" class=\"aligncenter size-medium wp-image-4914\" src=\"https:\/\/agora.xtec.cat\/ieslajonquera\/wp-content\/uploads\/usu2014\/2023\/06\/IMG-20230614-WA0007-135x300.jpg\" alt=\"\" width=\"135\" height=\"300\" srcset=\"https:\/\/agora.xtec.cat\/ieslajonquera\/wp-content\/uploads\/usu2014\/2023\/06\/IMG-20230614-WA0007-135x300.jpg 135w, https:\/\/agora.xtec.cat\/ieslajonquera\/wp-content\/uploads\/usu2014\/2023\/06\/IMG-20230614-WA0007-461x1024.jpg 461w, https:\/\/agora.xtec.cat\/ieslajonquera\/wp-content\/uploads\/usu2014\/2023\/06\/IMG-20230614-WA0007-691x1536.jpg 691w, https:\/\/agora.xtec.cat\/ieslajonquera\/wp-content\/uploads\/usu2014\/2023\/06\/IMG-20230614-WA0007.jpg 720w\" sizes=\"auto, (max-width: 135px) 100vw, 135px\" \/><\/a><\/td>\n<td style=\"width: 86.3726%; height: 332px;\">Sortida de final de curs de 2n i 3r d&#8217;ESO a Aquabrava.<\/td>\n<\/tr>\n<tr>\n<td style=\"width: 19.1731%;\"><a href=\"https:\/\/agora.xtec.cat\/ieslajonquera\/wp-content\/uploads\/usu2014\/2023\/06\/IMG-20230615-WA0005.jpg\"><img loading=\"lazy\" decoding=\"async\" class=\"aligncenter size-medium wp-image-4923\" src=\"https:\/\/agora.xtec.cat\/ieslajonquera\/wp-content\/uploads\/usu2014\/2023\/06\/IMG-20230615-WA0005-300x225.jpg\" alt=\"\" width=\"300\" height=\"225\" srcset=\"https:\/\/agora.xtec.cat\/ieslajonquera\/wp-content\/uploads\/usu2014\/2023\/06\/IMG-20230615-WA0005-300x225.jpg 300w, https:\/\/agora.xtec.cat\/ieslajonquera\/wp-content\/uploads\/usu2014\/2023\/06\/IMG-20230615-WA0005-1024x768.jpg 1024w, https:\/\/agora.xtec.cat\/ieslajonquera\/wp-content\/uploads\/usu2014\/2023\/06\/IMG-20230615-WA0005-768x576.jpg 768w, https:\/\/agora.xtec.cat\/ieslajonquera\/wp-content\/uploads\/usu2014\/2023\/06\/IMG-20230615-WA0005-1536x1152.jpg 1536w, https:\/\/agora.xtec.cat\/ieslajonquera\/wp-content\/uploads\/usu2014\/2023\/06\/IMG-20230615-WA0005-200x150.jpg 200w, https:\/\/agora.xtec.cat\/ieslajonquera\/wp-content\/uploads\/usu2014\/2023\/06\/IMG-20230615-WA0005.jpg 2048w\" sizes=\"auto, (max-width: 300px) 100vw, 300px\" \/><\/a><\/td>\n<td style=\"width: 86.3726%;\">Caminada pels drets de les persones grans a 3r d&#8217;ESO com a activitat introduct\u00f2ria al Servei Comunitari.<\/td>\n<\/tr>\n<tr style=\"height: 293px;\">\n<td style=\"width: 19.1731%; height: 293px;\"><a href=\"https:\/\/agora.xtec.cat\/ieslajonquera\/wp-content\/uploads\/usu2014\/2023\/06\/20230619_1028571.jpg\"><img loading=\"lazy\" decoding=\"async\" class=\"aligncenter size-medium wp-image-4915\" src=\"https:\/\/agora.xtec.cat\/ieslajonquera\/wp-content\/uploads\/usu2014\/2023\/06\/20230619_1028571-300x135.jpg\" alt=\"\" width=\"300\" height=\"135\" srcset=\"https:\/\/agora.xtec.cat\/ieslajonquera\/wp-content\/uploads\/usu2014\/2023\/06\/20230619_1028571-300x135.jpg 300w, https:\/\/agora.xtec.cat\/ieslajonquera\/wp-content\/uploads\/usu2014\/2023\/06\/20230619_1028571-768x346.jpg 768w, https:\/\/agora.xtec.cat\/ieslajonquera\/wp-content\/uploads\/usu2014\/2023\/06\/20230619_1028571.jpg 1024w\" sizes=\"auto, (max-width: 300px) 100vw, 300px\" \/><\/a><a href=\"https:\/\/agora.xtec.cat\/ieslajonquera\/wp-content\/uploads\/usu2014\/2023\/06\/20230619_1029431.jpg\"><img loading=\"lazy\" decoding=\"async\" class=\"aligncenter size-medium wp-image-4916\" src=\"https:\/\/agora.xtec.cat\/ieslajonquera\/wp-content\/uploads\/usu2014\/2023\/06\/20230619_1029431-300x135.jpg\" alt=\"\" width=\"300\" height=\"135\" srcset=\"https:\/\/agora.xtec.cat\/ieslajonquera\/wp-content\/uploads\/usu2014\/2023\/06\/20230619_1029431-300x135.jpg 300w, https:\/\/agora.xtec.cat\/ieslajonquera\/wp-content\/uploads\/usu2014\/2023\/06\/20230619_1029431-768x346.jpg 768w, https:\/\/agora.xtec.cat\/ieslajonquera\/wp-content\/uploads\/usu2014\/2023\/06\/20230619_1029431.jpg 1024w\" sizes=\"auto, (max-width: 300px) 100vw, 300px\" \/><\/a><\/td>\n<td style=\"width: 86.3726%; height: 293px;\">\n<p style=\"text-align: justify;\">Esmorzar d&#8217;Escoles Verdes i Junta de Delegades i Delegats: L&#8217;alumnat que forma part del Comit\u00e8 Ambiental Jonk i que al llarg del curs ha participat volunt\u00e0riament en les activitats proposades per la Comissi\u00f3 d&#8217;Escoles Verdes, juntament amb les delegades, subdelegades, delegats i subdelegats de tots els grups classe van gaudir d&#8217;un esmorzar al bar de la piscina.<\/p>\n<\/td>\n<\/tr>\n<tr style=\"height: 250px;\">\n<td style=\"width: 19.1731%; height: 250px;\"><a href=\"https:\/\/agora.xtec.cat\/ieslajonquera\/wp-content\/uploads\/usu2014\/2023\/06\/20230615_1101371.jpg\"><img loading=\"lazy\" decoding=\"async\" class=\"aligncenter size-medium wp-image-4918\" src=\"https:\/\/agora.xtec.cat\/ieslajonquera\/wp-content\/uploads\/usu2014\/2023\/06\/20230615_1101371-300x225.jpg\" alt=\"\" width=\"300\" height=\"225\" srcset=\"https:\/\/agora.xtec.cat\/ieslajonquera\/wp-content\/uploads\/usu2014\/2023\/06\/20230615_1101371-300x225.jpg 300w, https:\/\/agora.xtec.cat\/ieslajonquera\/wp-content\/uploads\/usu2014\/2023\/06\/20230615_1101371-768x576.jpg 768w, https:\/\/agora.xtec.cat\/ieslajonquera\/wp-content\/uploads\/usu2014\/2023\/06\/20230615_1101371-200x150.jpg 200w, https:\/\/agora.xtec.cat\/ieslajonquera\/wp-content\/uploads\/usu2014\/2023\/06\/20230615_1101371.jpg 1024w\" sizes=\"auto, (max-width: 300px) 100vw, 300px\" \/><\/a><\/td>\n<td style=\"width: 86.3726%; height: 250px;\">\n<p style=\"text-align: justify;\">Esmorzar de l&#8217;Aula d&#8217;Acollida: L&#8217;alumnat de l&#8217;Aula d&#8217;Acollida va anar al Parc d&#8217;en Lloveras a celebrar el ja tradicional esmorzar de pa amb tom\u00e0quet amb formatge i embotits en qu\u00e8 van poder practicar com se suquen els tom\u00e0quets i van tastar el pa de coca fet amb forn de llenya.<\/p>\n<\/td>\n<\/tr>\n<tr style=\"height: 217px;\">\n<td style=\"width: 19.1731%; height: 217px;\"><a href=\"https:\/\/agora.xtec.cat\/ieslajonquera\/wp-content\/uploads\/usu2014\/2023\/06\/20230619_1224011.jpg\"><img loading=\"lazy\" decoding=\"async\" class=\"aligncenter size-medium wp-image-4920\" src=\"https:\/\/agora.xtec.cat\/ieslajonquera\/wp-content\/uploads\/usu2014\/2023\/06\/20230619_1224011-300x225.jpg\" alt=\"\" width=\"300\" height=\"225\" srcset=\"https:\/\/agora.xtec.cat\/ieslajonquera\/wp-content\/uploads\/usu2014\/2023\/06\/20230619_1224011-300x225.jpg 300w, https:\/\/agora.xtec.cat\/ieslajonquera\/wp-content\/uploads\/usu2014\/2023\/06\/20230619_1224011-768x576.jpg 768w, https:\/\/agora.xtec.cat\/ieslajonquera\/wp-content\/uploads\/usu2014\/2023\/06\/20230619_1224011-200x150.jpg 200w, https:\/\/agora.xtec.cat\/ieslajonquera\/wp-content\/uploads\/usu2014\/2023\/06\/20230619_1224011.jpg 1024w\" sizes=\"auto, (max-width: 300px) 100vw, 300px\" \/><\/a><\/td>\n<td style=\"width: 86.3726%; height: 217px;\">\n<p style=\"text-align: justify;\">Cloenda del Club de Lectura: Algunes alumnes del Club de Lectura van elaborar una pintura, a la sala polivalent del centre, per combatre els estereotips de g\u00e8nere relacionada amb la novel\u00b7la <em>El noi del vestit<\/em> (David Walliams), juntament amb alumnes de 4t d&#8217;ESO i amb la col\u00b7laboraci\u00f3 desinteressada de la professora d&#8217;Educaci\u00f3 Visual i Pl\u00e0stica.<\/p>\n<\/td>\n<\/tr>\n<tr style=\"height: 178px;\">\n<td style=\"width: 19.1731%; height: 178px;\"><a href=\"https:\/\/agora.xtec.cat\/ieslajonquera\/wp-content\/uploads\/usu2014\/2023\/06\/20230612_124306-scaled.jpg\"><img loading=\"lazy\" decoding=\"async\" class=\"aligncenter size-medium wp-image-4919\" src=\"https:\/\/agora.xtec.cat\/ieslajonquera\/wp-content\/uploads\/usu2014\/2023\/06\/20230612_124306-300x135.jpg\" alt=\"\" width=\"300\" height=\"135\" srcset=\"https:\/\/agora.xtec.cat\/ieslajonquera\/wp-content\/uploads\/usu2014\/2023\/06\/20230612_124306-300x135.jpg 300w, https:\/\/agora.xtec.cat\/ieslajonquera\/wp-content\/uploads\/usu2014\/2023\/06\/20230612_124306-1024x461.jpg 1024w, https:\/\/agora.xtec.cat\/ieslajonquera\/wp-content\/uploads\/usu2014\/2023\/06\/20230612_124306-768x345.jpg 768w, https:\/\/agora.xtec.cat\/ieslajonquera\/wp-content\/uploads\/usu2014\/2023\/06\/20230612_124306-1536x691.jpg 1536w, https:\/\/agora.xtec.cat\/ieslajonquera\/wp-content\/uploads\/usu2014\/2023\/06\/20230612_124306-2048x921.jpg 2048w\" sizes=\"auto, (max-width: 300px) 100vw, 300px\" \/><\/a><\/td>\n<td style=\"width: 86.3726%; height: 178px;\">\n<p style=\"text-align: justify;\">Sortida d&#8217;Entorn Immediat: L&#8217;alumnat de 2n d&#8217;ESO va explorar al llarg de tot un mat\u00ed la Jonquera i els seus voltant en el marc d&#8217;un projecte que s&#8217;organitza des dels \u00e0mbits del medi natural i social.<\/p>\n<\/td>\n<\/tr>\n<\/tbody>\n<\/table>\n<p>&nbsp;<\/p>\n","protected":false},"excerpt":{"rendered":"<p>Al llarg de les dues \u00faltimes setmanes del curs, han tingut lloc al centre algunes activitats singulars com les que expliquem a continuaci\u00f3:<\/p>\n<p><a href=\"https:\/\/agora.xtec.cat\/ieslajonquera\/wp-content\/uploads\/usu2014\/2023\/06\/IMG-20230611-WA0005.jpg\"><\/a><br \/>\nViatge cultural de 1r de Batxillerat a Roma i Pompeia. Podeu veure m\u00e9s fotos en el seg\u00fcent <a href=\"https:\/\/drive.google.com\/drive\/folders\/1VLwVwfXlN_FCzKbeibWBsw1yrlzzsoST?usp=sharing\">enlla\u00e7<\/a>.<\/p>\n<p><a href=\"https:\/\/agora.xtec.cat\/ieslajonquera\/wp-content\/uploads\/usu2014\/2023\/06\/IMG-20230611-WA0011.jpg\"><\/a><br \/>\nViatge de final&hellip;  <a href=\"https:\/\/agora.xtec.cat\/ieslajonquera\/general\/activitats-de-final-de-curs\/\" title=\"Read Activitats de final de curs\">Llegeix m\u00e9s\u00bb<\/a><\/p>\n","protected":false},"author":3,"featured_media":4912,"comment_status":"open","ping_status":"closed","sticky":false,"template":"","format":"standard","meta":{"_bbp_topic_count":0,"_bbp_reply_count":0,"_bbp_total_topic_count":0,"_bbp_total_reply_count":0,"_bbp_voice_count":0,"_bbp_anonymous_reply_count":0,"_bbp_topic_count_hidden":0,"_bbp_reply_count_hidden":0,"_bbp_forum_subforum_count":0,"footnotes":""},"categories":[1],"tags":[120],"class_list":["post-4899","post","type-post","status-publish","format-standard","has-post-thumbnail","hentry","category-general","tag-convivencia"],"post_mailing_queue_ids":[],"_links":{"self":[{"href":"https:\/\/agora.xtec.cat\/ieslajonquera\/wp-json\/wp\/v2\/posts\/4899","targetHints":{"allow":["GET"]}}],"collection":[{"href":"https:\/\/agora.xtec.cat\/ieslajonquera\/wp-json\/wp\/v2\/posts"}],"about":[{"href":"https:\/\/agora.xtec.cat\/ieslajonquera\/wp-json\/wp\/v2\/types\/post"}],"author":[{"embeddable":true,"href":"https:\/\/agora.xtec.cat\/ieslajonquera\/wp-json\/wp\/v2\/users\/3"}],"replies":[{"embeddable":true,"href":"https:\/\/agora.xtec.cat\/ieslajonquera\/wp-json\/wp\/v2\/comments?post=4899"}],"version-history":[{"count":3,"href":"https:\/\/agora.xtec.cat\/ieslajonquera\/wp-json\/wp\/v2\/posts\/4899\/revisions"}],"predecessor-version":[{"id":4926,"href":"https:\/\/agora.xtec.cat\/ieslajonquera\/wp-json\/wp\/v2\/posts\/4899\/revisions\/4926"}],"wp:featuredmedia":[{"embeddable":true,"href":"https:\/\/agora.xtec.cat\/ieslajonquera\/wp-json\/wp\/v2\/media\/4912"}],"wp:attachment":[{"href":"https:\/\/agora.xtec.cat\/ieslajonquera\/wp-json\/wp\/v2\/media?parent=4899"}],"wp:term":[{"taxonomy":"category","embeddable":true,"href":"https:\/\/agora.xtec.cat\/ieslajonquera\/wp-json\/wp\/v2\/categories?post=4899"},{"taxonomy":"post_tag","embeddable":true,"href":"https:\/\/agora.xtec.cat\/ieslajonquera\/wp-json\/wp\/v2\/tags?post=4899"}],"curies":[{"name":"wp","href":"https:\/\/api.w.org\/{rel}","templated":true}]}}