{"id":4875,"date":"2023-06-13T19:29:40","date_gmt":"2023-06-13T17:29:40","guid":{"rendered":"https:\/\/agora.xtec.cat\/ieslajonquera\/?p=4875"},"modified":"2023-06-13T19:29:40","modified_gmt":"2023-06-13T17:29:40","slug":"nascuda-de-lescuma-els-videos","status":"publish","type":"post","link":"https:\/\/agora.xtec.cat\/ieslajonquera\/general\/nascuda-de-lescuma-els-videos\/","title":{"rendered":"Nascuda de l&#8217;escuma: els v\u00eddeos"},"content":{"rendered":"<p><a href=\"https:\/\/agora.xtec.cat\/ieslajonquera\/wp-content\/uploads\/usu2014\/2023\/06\/Nascuda-de-lescuma_cartell_page-0001-1.jpg\"><img loading=\"lazy\" decoding=\"async\" class=\"size-medium wp-image-4836 alignleft\" src=\"https:\/\/agora.xtec.cat\/ieslajonquera\/wp-content\/uploads\/usu2014\/2023\/06\/Nascuda-de-lescuma_cartell_page-0001-1-212x300.jpg\" alt=\"\" width=\"212\" height=\"300\" srcset=\"https:\/\/agora.xtec.cat\/ieslajonquera\/wp-content\/uploads\/usu2014\/2023\/06\/Nascuda-de-lescuma_cartell_page-0001-1-212x300.jpg 212w, https:\/\/agora.xtec.cat\/ieslajonquera\/wp-content\/uploads\/usu2014\/2023\/06\/Nascuda-de-lescuma_cartell_page-0001-1-724x1024.jpg 724w, https:\/\/agora.xtec.cat\/ieslajonquera\/wp-content\/uploads\/usu2014\/2023\/06\/Nascuda-de-lescuma_cartell_page-0001-1-768x1086.jpg 768w, https:\/\/agora.xtec.cat\/ieslajonquera\/wp-content\/uploads\/usu2014\/2023\/06\/Nascuda-de-lescuma_cartell_page-0001-1.jpg 1024w\" sizes=\"auto, (max-width: 212px) 100vw, 212px\" \/><\/a><a href=\"https:\/\/agora.xtec.cat\/ieslajonquera\/wp-content\/uploads\/usu2014\/2023\/06\/20230609_184608-scaled.jpg\"><img loading=\"lazy\" decoding=\"async\" class=\"size-medium wp-image-4876 alignleft\" src=\"https:\/\/agora.xtec.cat\/ieslajonquera\/wp-content\/uploads\/usu2014\/2023\/06\/20230609_184608-300x222.jpg\" alt=\"\" width=\"300\" height=\"222\" srcset=\"https:\/\/agora.xtec.cat\/ieslajonquera\/wp-content\/uploads\/usu2014\/2023\/06\/20230609_184608-300x222.jpg 300w, https:\/\/agora.xtec.cat\/ieslajonquera\/wp-content\/uploads\/usu2014\/2023\/06\/20230609_184608-1024x759.jpg 1024w, https:\/\/agora.xtec.cat\/ieslajonquera\/wp-content\/uploads\/usu2014\/2023\/06\/20230609_184608-768x569.jpg 768w, https:\/\/agora.xtec.cat\/ieslajonquera\/wp-content\/uploads\/usu2014\/2023\/06\/20230609_184608-1536x1138.jpg 1536w, https:\/\/agora.xtec.cat\/ieslajonquera\/wp-content\/uploads\/usu2014\/2023\/06\/20230609_184608-2048x1517.jpg 2048w\" sizes=\"auto, (max-width: 300px) 100vw, 300px\" \/><\/a>A continuaci\u00f3 podeu veure els v\u00eddeos dels assaigs i de la representaci\u00f3 de teatre i dansa <strong><em>Nascuda de l\u2019escuma<\/em><\/strong>, representada pels alumnes de 3r i 4t d&#8217;ESO el passat 9 de juny a la sala de la Societat de la Jonquera. <strong><em><br \/>\n<\/em><\/strong><\/p>\n<p><a href=\"https:\/\/drive.google.com\/file\/d\/18t5tUUEq-s3wuIHw2wCZqVH23jNs61W9\/view?usp=sharing\">Assaigs del Mapa de Ball<\/a>, a c\u00e0rrec d&#8217;Agitart<\/p>\n<p><a href=\"https:\/\/drive.google.com\/file\/d\/1P68SP0-xIu-LpEj2krxxynwdocK3A2zX\/view?usp=sharing\">Clip resum de la representaci\u00f3<\/a><\/p>\n<p><a href=\"https:\/\/drive.google.com\/file\/d\/1fDbTZXt3zsfK0V9IZoOqMG48-2_9V8Si\/view?usp=sharing\">Representaci\u00f3 <em>Nascuda de l&#8217;escuma<\/em><\/a><\/p>\n","protected":false},"excerpt":{"rendered":"<p><a href=\"https:\/\/agora.xtec.cat\/ieslajonquera\/wp-content\/uploads\/usu2014\/2023\/06\/Nascuda-de-lescuma_cartell_page-0001-1.jpg\"><\/a><a href=\"https:\/\/agora.xtec.cat\/ieslajonquera\/wp-content\/uploads\/usu2014\/2023\/06\/20230609_184608-scaled.jpg\"><\/a>A continuaci\u00f3 podeu veure els v\u00eddeos dels assaigs i de la representaci\u00f3 de teatre i dansa Nascuda de l\u2019escuma, representada pels alumnes de 3r i 4t d&#8217;ESO el passat 9 de juny a la sala de la Societat de la Jonquera. <\/p>\n<p><a href=\"https:\/\/drive.google.com\/file\/d\/18t5tUUEq-s3wuIHw2wCZqVH23jNs61W9\/view?usp=sharing\">Assaigs&hellip;  <a href=\"https:\/\/agora.xtec.cat\/ieslajonquera\/general\/nascuda-de-lescuma-els-videos\/\" title=\"Read Nascuda de l&#8217;escuma: els v\u00eddeos\">Llegeix m\u00e9s\u00bb<\/a><\/p>\n","protected":false},"author":3,"featured_media":4876,"comment_status":"open","ping_status":"closed","sticky":false,"template":"","format":"standard","meta":{"_bbp_topic_count":0,"_bbp_reply_count":0,"_bbp_total_topic_count":0,"_bbp_total_reply_count":0,"_bbp_voice_count":0,"_bbp_anonymous_reply_count":0,"_bbp_topic_count_hidden":0,"_bbp_reply_count_hidden":0,"_bbp_forum_subforum_count":0,"footnotes":""},"categories":[5,7,3,1],"tags":[141,132,40],"class_list":["post-4875","post","type-post","status-publish","format-standard","has-post-thumbnail","hentry","category-eso-2","category-eso-4","category-eso","category-general","tag-dansa","tag-projectes","tag-teatre"],"post_mailing_queue_ids":[],"_links":{"self":[{"href":"https:\/\/agora.xtec.cat\/ieslajonquera\/wp-json\/wp\/v2\/posts\/4875","targetHints":{"allow":["GET"]}}],"collection":[{"href":"https:\/\/agora.xtec.cat\/ieslajonquera\/wp-json\/wp\/v2\/posts"}],"about":[{"href":"https:\/\/agora.xtec.cat\/ieslajonquera\/wp-json\/wp\/v2\/types\/post"}],"author":[{"embeddable":true,"href":"https:\/\/agora.xtec.cat\/ieslajonquera\/wp-json\/wp\/v2\/users\/3"}],"replies":[{"embeddable":true,"href":"https:\/\/agora.xtec.cat\/ieslajonquera\/wp-json\/wp\/v2\/comments?post=4875"}],"version-history":[{"count":1,"href":"https:\/\/agora.xtec.cat\/ieslajonquera\/wp-json\/wp\/v2\/posts\/4875\/revisions"}],"predecessor-version":[{"id":4877,"href":"https:\/\/agora.xtec.cat\/ieslajonquera\/wp-json\/wp\/v2\/posts\/4875\/revisions\/4877"}],"wp:featuredmedia":[{"embeddable":true,"href":"https:\/\/agora.xtec.cat\/ieslajonquera\/wp-json\/wp\/v2\/media\/4876"}],"wp:attachment":[{"href":"https:\/\/agora.xtec.cat\/ieslajonquera\/wp-json\/wp\/v2\/media?parent=4875"}],"wp:term":[{"taxonomy":"category","embeddable":true,"href":"https:\/\/agora.xtec.cat\/ieslajonquera\/wp-json\/wp\/v2\/categories?post=4875"},{"taxonomy":"post_tag","embeddable":true,"href":"https:\/\/agora.xtec.cat\/ieslajonquera\/wp-json\/wp\/v2\/tags?post=4875"}],"curies":[{"name":"wp","href":"https:\/\/api.w.org\/{rel}","templated":true}]}}