{"id":4860,"date":"2023-06-10T18:01:21","date_gmt":"2023-06-10T16:01:21","guid":{"rendered":"https:\/\/agora.xtec.cat\/ieslajonquera\/?p=4860"},"modified":"2023-06-10T18:01:21","modified_gmt":"2023-06-10T16:01:21","slug":"cloenda-crea-el-teu-propi-negoci","status":"publish","type":"post","link":"https:\/\/agora.xtec.cat\/ieslajonquera\/general\/cloenda-crea-el-teu-propi-negoci\/","title":{"rendered":"Cloenda &#8220;Crea el teu propi negoci&#8221;"},"content":{"rendered":"<p style=\"text-align: justify;\"><a href=\"https:\/\/agora.xtec.cat\/ieslajonquera\/wp-content\/uploads\/usu2014\/2023\/06\/WhatsApp-Image-2023-06-08-at-13.57.35.jpeg\"><img loading=\"lazy\" decoding=\"async\" class=\"size-medium wp-image-4861 alignleft\" src=\"https:\/\/agora.xtec.cat\/ieslajonquera\/wp-content\/uploads\/usu2014\/2023\/06\/WhatsApp-Image-2023-06-08-at-13.57.35-300x225.jpeg\" alt=\"\" width=\"300\" height=\"225\" srcset=\"https:\/\/agora.xtec.cat\/ieslajonquera\/wp-content\/uploads\/usu2014\/2023\/06\/WhatsApp-Image-2023-06-08-at-13.57.35-300x225.jpeg 300w, https:\/\/agora.xtec.cat\/ieslajonquera\/wp-content\/uploads\/usu2014\/2023\/06\/WhatsApp-Image-2023-06-08-at-13.57.35-1024x768.jpeg 1024w, https:\/\/agora.xtec.cat\/ieslajonquera\/wp-content\/uploads\/usu2014\/2023\/06\/WhatsApp-Image-2023-06-08-at-13.57.35-768x576.jpeg 768w, https:\/\/agora.xtec.cat\/ieslajonquera\/wp-content\/uploads\/usu2014\/2023\/06\/WhatsApp-Image-2023-06-08-at-13.57.35-1536x1152.jpeg 1536w, https:\/\/agora.xtec.cat\/ieslajonquera\/wp-content\/uploads\/usu2014\/2023\/06\/WhatsApp-Image-2023-06-08-at-13.57.35-200x150.jpeg 200w, https:\/\/agora.xtec.cat\/ieslajonquera\/wp-content\/uploads\/usu2014\/2023\/06\/WhatsApp-Image-2023-06-08-at-13.57.35.jpeg 2048w\" sizes=\"auto, (max-width: 300px) 100vw, 300px\" \/><\/a>&#8220;Crea el teu propi negoci&#8221; \u00e9s un projecte del PFI en qu\u00e8 l&#8217;alumnat ha treballar diferents temes com pensar en una idea de negoci, l&#8217;organigrama, la ubicaci\u00f3, el disseny de cartelleria i marxandatge, la maqueta i el disseny web.<\/p>\n<p style=\"text-align: justify;\">Com a cloenda, cada grup l&#8217;\u00faltim dia va presentar la seva idea de negoci i van convidar la Llu\u00efsa Macias, regidora de l&#8217;Ajuntament de la Jonquera, i la Montse Murl\u00e0, t\u00e8cnica en promoci\u00f3 econ\u00f2mica, perqu\u00e8 tamb\u00e9 poguessin fer-ne una valoraci\u00f3 i, a m\u00e9s, van obsequiar l&#8217;alumnat amb un petit detall.<\/p>\n<p style=\"text-align: justify;\">Les maquetes que han fet de cada negoci els diferents grups estan exposades al vest\u00edbul de l&#8217;Institut.<\/p>\n<p>Podeu veure m\u00e9s fotos en aquest <a href=\"https:\/\/drive.google.com\/drive\/folders\/1Nf70k-KL_DyRXW-jK7-o7pjBr8e6Rtnl?usp=sharing\">enlla\u00e7<\/a>.<\/p>\n","protected":false},"excerpt":{"rendered":"<p><a href=\"https:\/\/agora.xtec.cat\/ieslajonquera\/wp-content\/uploads\/usu2014\/2023\/06\/WhatsApp-Image-2023-06-08-at-13.57.35.jpeg\"><\/a>&#8220;Crea el teu propi negoci&#8221; \u00e9s un projecte del PFI en qu\u00e8 l&#8217;alumnat ha treballar diferents temes com pensar en una idea de negoci, l&#8217;organigrama, la ubicaci\u00f3, el disseny de cartelleria i marxandatge, la maqueta i el disseny web.<br \/>\nCom a cloenda, cada grup l&#8217;\u00faltim&hellip;  <a href=\"https:\/\/agora.xtec.cat\/ieslajonquera\/general\/cloenda-crea-el-teu-propi-negoci\/\" title=\"Read Cloenda &#8220;Crea el teu propi negoci&#8221;\">Llegeix m\u00e9s\u00bb<\/a><\/p>\n","protected":false},"author":3,"featured_media":4861,"comment_status":"open","ping_status":"closed","sticky":false,"template":"","format":"standard","meta":{"_bbp_topic_count":0,"_bbp_reply_count":0,"_bbp_total_topic_count":0,"_bbp_total_reply_count":0,"_bbp_voice_count":0,"_bbp_anonymous_reply_count":0,"_bbp_topic_count_hidden":0,"_bbp_reply_count_hidden":0,"_bbp_forum_subforum_count":0,"footnotes":""},"categories":[1,156],"tags":[162,132],"class_list":["post-4860","post","type-post","status-publish","format-standard","has-post-thumbnail","hentry","category-general","category-pfi","tag-pfi","tag-projectes"],"post_mailing_queue_ids":[],"_links":{"self":[{"href":"https:\/\/agora.xtec.cat\/ieslajonquera\/wp-json\/wp\/v2\/posts\/4860","targetHints":{"allow":["GET"]}}],"collection":[{"href":"https:\/\/agora.xtec.cat\/ieslajonquera\/wp-json\/wp\/v2\/posts"}],"about":[{"href":"https:\/\/agora.xtec.cat\/ieslajonquera\/wp-json\/wp\/v2\/types\/post"}],"author":[{"embeddable":true,"href":"https:\/\/agora.xtec.cat\/ieslajonquera\/wp-json\/wp\/v2\/users\/3"}],"replies":[{"embeddable":true,"href":"https:\/\/agora.xtec.cat\/ieslajonquera\/wp-json\/wp\/v2\/comments?post=4860"}],"version-history":[{"count":1,"href":"https:\/\/agora.xtec.cat\/ieslajonquera\/wp-json\/wp\/v2\/posts\/4860\/revisions"}],"predecessor-version":[{"id":4862,"href":"https:\/\/agora.xtec.cat\/ieslajonquera\/wp-json\/wp\/v2\/posts\/4860\/revisions\/4862"}],"wp:featuredmedia":[{"embeddable":true,"href":"https:\/\/agora.xtec.cat\/ieslajonquera\/wp-json\/wp\/v2\/media\/4861"}],"wp:attachment":[{"href":"https:\/\/agora.xtec.cat\/ieslajonquera\/wp-json\/wp\/v2\/media?parent=4860"}],"wp:term":[{"taxonomy":"category","embeddable":true,"href":"https:\/\/agora.xtec.cat\/ieslajonquera\/wp-json\/wp\/v2\/categories?post=4860"},{"taxonomy":"post_tag","embeddable":true,"href":"https:\/\/agora.xtec.cat\/ieslajonquera\/wp-json\/wp\/v2\/tags?post=4860"}],"curies":[{"name":"wp","href":"https:\/\/api.w.org\/{rel}","templated":true}]}}