{"id":4839,"date":"2023-06-08T18:33:51","date_gmt":"2023-06-08T16:33:51","guid":{"rendered":"https:\/\/agora.xtec.cat\/ieslajonquera\/?p=4839"},"modified":"2023-06-08T18:34:25","modified_gmt":"2023-06-08T16:34:25","slug":"visita-al-museu-de-les-matematiques","status":"publish","type":"post","link":"https:\/\/agora.xtec.cat\/ieslajonquera\/general\/visita-al-museu-de-les-matematiques\/","title":{"rendered":"Visita a l&#8217;exposici\u00f3 itinerant del MMACA"},"content":{"rendered":"<p style=\"text-align: justify;\"><a href=\"https:\/\/agora.xtec.cat\/ieslajonquera\/wp-content\/uploads\/usu2014\/2023\/06\/foto-6-scaled.jpg\"><img loading=\"lazy\" decoding=\"async\" class=\"size-medium wp-image-4857 alignleft\" src=\"https:\/\/agora.xtec.cat\/ieslajonquera\/wp-content\/uploads\/usu2014\/2023\/06\/foto-6-300x135.jpg\" alt=\"\" width=\"300\" height=\"135\" srcset=\"https:\/\/agora.xtec.cat\/ieslajonquera\/wp-content\/uploads\/usu2014\/2023\/06\/foto-6-300x135.jpg 300w, https:\/\/agora.xtec.cat\/ieslajonquera\/wp-content\/uploads\/usu2014\/2023\/06\/foto-6-1024x461.jpg 1024w, https:\/\/agora.xtec.cat\/ieslajonquera\/wp-content\/uploads\/usu2014\/2023\/06\/foto-6-768x346.jpg 768w, https:\/\/agora.xtec.cat\/ieslajonquera\/wp-content\/uploads\/usu2014\/2023\/06\/foto-6-1536x691.jpg 1536w, https:\/\/agora.xtec.cat\/ieslajonquera\/wp-content\/uploads\/usu2014\/2023\/06\/foto-6-2048x922.jpg 2048w\" sizes=\"auto, (max-width: 300px) 100vw, 300px\" \/><\/a>L&#8217;alumnat de 1r i 2n d&#8217;ESO ha estat visitant aquests darrers dies l&#8217;exposici\u00f3 itinerant que ha organitzant l\u2019Ajuntament de Figueres amb el suport del Servei Educatiu de l\u2019Alt Empord\u00e0 i el grup de socis del MMACA de les comarques gironines al Castell de Sant Ferran de Figueres amb l&#8217;objectiu de divulgar i estimular una imatge social positiva de les matem\u00e0tiques, tot apropant-les a les persones mitjan\u00e7ant experi\u00e8ncies interactives i activitats de manipulaci\u00f3.<\/p>\n<p>Podeu veure m\u00e9s fotos de les visites en aquest <a href=\"https:\/\/drive.google.com\/drive\/folders\/1JH8XtpXxxZ7DCrhHccWPeglukmxvo4P0?usp=sharing\">enlla\u00e7<\/a>.<\/p>\n","protected":false},"excerpt":{"rendered":"<p><a href=\"https:\/\/agora.xtec.cat\/ieslajonquera\/wp-content\/uploads\/usu2014\/2023\/06\/foto-6-scaled.jpg\"><\/a>L&#8217;alumnat de 1r i 2n d&#8217;ESO ha estat visitant aquests darrers dies l&#8217;exposici\u00f3 itinerant que ha organitzant l\u2019Ajuntament de Figueres amb el suport del Servei Educatiu de l\u2019Alt Empord\u00e0 i el grup de socis del MMACA de les comarques gironines al Castell de Sant&hellip;  <a href=\"https:\/\/agora.xtec.cat\/ieslajonquera\/general\/visita-al-museu-de-les-matematiques\/\" title=\"Read Visita a l&#8217;exposici\u00f3 itinerant del MMACA\">Llegeix m\u00e9s\u00bb<\/a><\/p>\n","protected":false},"author":3,"featured_media":4857,"comment_status":"open","ping_status":"closed","sticky":false,"template":"","format":"standard","meta":{"_bbp_topic_count":0,"_bbp_reply_count":0,"_bbp_total_topic_count":0,"_bbp_total_reply_count":0,"_bbp_voice_count":0,"_bbp_anonymous_reply_count":0,"_bbp_topic_count_hidden":0,"_bbp_reply_count_hidden":0,"_bbp_forum_subforum_count":0,"footnotes":""},"categories":[4,5,3,1],"tags":[131,39],"class_list":["post-4839","post","type-post","status-publish","format-standard","has-post-thumbnail","hentry","category-eso-1","category-eso-2","category-eso","category-general","tag-matematiques","tag-sortides"],"post_mailing_queue_ids":[],"_links":{"self":[{"href":"https:\/\/agora.xtec.cat\/ieslajonquera\/wp-json\/wp\/v2\/posts\/4839","targetHints":{"allow":["GET"]}}],"collection":[{"href":"https:\/\/agora.xtec.cat\/ieslajonquera\/wp-json\/wp\/v2\/posts"}],"about":[{"href":"https:\/\/agora.xtec.cat\/ieslajonquera\/wp-json\/wp\/v2\/types\/post"}],"author":[{"embeddable":true,"href":"https:\/\/agora.xtec.cat\/ieslajonquera\/wp-json\/wp\/v2\/users\/3"}],"replies":[{"embeddable":true,"href":"https:\/\/agora.xtec.cat\/ieslajonquera\/wp-json\/wp\/v2\/comments?post=4839"}],"version-history":[{"count":3,"href":"https:\/\/agora.xtec.cat\/ieslajonquera\/wp-json\/wp\/v2\/posts\/4839\/revisions"}],"predecessor-version":[{"id":4859,"href":"https:\/\/agora.xtec.cat\/ieslajonquera\/wp-json\/wp\/v2\/posts\/4839\/revisions\/4859"}],"wp:featuredmedia":[{"embeddable":true,"href":"https:\/\/agora.xtec.cat\/ieslajonquera\/wp-json\/wp\/v2\/media\/4857"}],"wp:attachment":[{"href":"https:\/\/agora.xtec.cat\/ieslajonquera\/wp-json\/wp\/v2\/media?parent=4839"}],"wp:term":[{"taxonomy":"category","embeddable":true,"href":"https:\/\/agora.xtec.cat\/ieslajonquera\/wp-json\/wp\/v2\/categories?post=4839"},{"taxonomy":"post_tag","embeddable":true,"href":"https:\/\/agora.xtec.cat\/ieslajonquera\/wp-json\/wp\/v2\/tags?post=4839"}],"curies":[{"name":"wp","href":"https:\/\/api.w.org\/{rel}","templated":true}]}}