{"id":4835,"date":"2023-06-05T14:08:07","date_gmt":"2023-06-05T12:08:07","guid":{"rendered":"https:\/\/agora.xtec.cat\/ieslajonquera\/?p=4835"},"modified":"2023-06-10T17:46:46","modified_gmt":"2023-06-10T15:46:46","slug":"representacio-de-teatre-i-dansa","status":"publish","type":"post","link":"https:\/\/agora.xtec.cat\/ieslajonquera\/general\/representacio-de-teatre-i-dansa\/","title":{"rendered":"Representaci\u00f3 de teatre i dansa &#8220;Nascuda de l&#8217;escuma&#8221;"},"content":{"rendered":"<p style=\"text-align: justify;\"><a href=\"https:\/\/agora.xtec.cat\/ieslajonquera\/wp-content\/uploads\/usu2014\/2023\/06\/Nascuda-de-lescuma_cartell_page-0001-1.jpg\"><img loading=\"lazy\" decoding=\"async\" class=\"size-medium wp-image-4836 alignleft\" src=\"https:\/\/agora.xtec.cat\/ieslajonquera\/wp-content\/uploads\/usu2014\/2023\/06\/Nascuda-de-lescuma_cartell_page-0001-1-212x300.jpg\" alt=\"\" width=\"212\" height=\"300\" srcset=\"https:\/\/agora.xtec.cat\/ieslajonquera\/wp-content\/uploads\/usu2014\/2023\/06\/Nascuda-de-lescuma_cartell_page-0001-1-212x300.jpg 212w, https:\/\/agora.xtec.cat\/ieslajonquera\/wp-content\/uploads\/usu2014\/2023\/06\/Nascuda-de-lescuma_cartell_page-0001-1-724x1024.jpg 724w, https:\/\/agora.xtec.cat\/ieslajonquera\/wp-content\/uploads\/usu2014\/2023\/06\/Nascuda-de-lescuma_cartell_page-0001-1-768x1086.jpg 768w, https:\/\/agora.xtec.cat\/ieslajonquera\/wp-content\/uploads\/usu2014\/2023\/06\/Nascuda-de-lescuma_cartell_page-0001-1.jpg 1024w\" sizes=\"auto, (max-width: 212px) 100vw, 212px\" \/><\/a>En el marc del projecte de dansa Mapa de Ball que es du a terme des de la mat\u00e8ria d&#8217;Educaci\u00f3 F\u00edsica de 3r d&#8217;ESO amb la companyia de dansa Agitart i del projecte de cultura cl\u00e0ssica i arts esc\u00e8niques que es desenvolupa a la mat\u00e8ria de Llat\u00ed de 4t, <strong>us\u00a0c<\/strong><strong>onvidem a assistir a la representaci\u00f3 de teatre i dansa\u00a0<em>Nascuda de l&#8217;escuma.<\/em><\/strong><\/p>\n<p style=\"text-align: justify;\">L&#8217;obra, interpretada pels alumnes de llat\u00ed de 4t i amb el cor de dansa dels alumnes de 3r i la col\u00b7laboraci\u00f3 de l&#8217;Aula d&#8217;Acollida, tindr\u00e0 lloc a\u00a0<strong>La Societat de la Jonquera<\/strong>\u00a0el\u00a0<strong>divendres 9 de juny a les 18.30 h<\/strong>.<\/p>\n<p style=\"text-align: justify;\">L&#8217;entrada t\u00e9 un cost de 3 \u20ac que es destinaran al viatge de final de l&#8217;etapa de l&#8217;educaci\u00f3 b\u00e0sica el proper curs 2023-2024.<\/p>\n<p style=\"text-align: justify;\">Us hi esperem!<\/p>\n","protected":false},"excerpt":{"rendered":"<p><a href=\"https:\/\/agora.xtec.cat\/ieslajonquera\/wp-content\/uploads\/usu2014\/2023\/06\/Nascuda-de-lescuma_cartell_page-0001-1.jpg\"><\/a>En el marc del projecte de dansa Mapa de Ball que es du a terme des de la mat\u00e8ria d&#8217;Educaci\u00f3 F\u00edsica de 3r d&#8217;ESO amb la companyia de dansa Agitart i del projecte de cultura cl\u00e0ssica i arts esc\u00e8niques que es desenvolupa a la&hellip;  <a href=\"https:\/\/agora.xtec.cat\/ieslajonquera\/general\/representacio-de-teatre-i-dansa\/\" title=\"Read Representaci\u00f3 de teatre i dansa &#8220;Nascuda de l&#8217;escuma&#8221;\">Llegeix m\u00e9s\u00bb<\/a><\/p>\n","protected":false},"author":3,"featured_media":4836,"comment_status":"open","ping_status":"closed","sticky":false,"template":"","format":"standard","meta":{"_bbp_topic_count":0,"_bbp_reply_count":0,"_bbp_total_topic_count":0,"_bbp_total_reply_count":0,"_bbp_voice_count":0,"_bbp_anonymous_reply_count":0,"_bbp_topic_count_hidden":0,"_bbp_reply_count_hidden":0,"_bbp_forum_subforum_count":0,"footnotes":""},"categories":[6,7,3,1],"tags":[154,141,40],"class_list":["post-4835","post","type-post","status-publish","format-standard","has-post-thumbnail","hentry","category-eso-3","category-eso-4","category-eso","category-general","tag-cultura-classica","tag-dansa","tag-teatre"],"post_mailing_queue_ids":[],"_links":{"self":[{"href":"https:\/\/agora.xtec.cat\/ieslajonquera\/wp-json\/wp\/v2\/posts\/4835","targetHints":{"allow":["GET"]}}],"collection":[{"href":"https:\/\/agora.xtec.cat\/ieslajonquera\/wp-json\/wp\/v2\/posts"}],"about":[{"href":"https:\/\/agora.xtec.cat\/ieslajonquera\/wp-json\/wp\/v2\/types\/post"}],"author":[{"embeddable":true,"href":"https:\/\/agora.xtec.cat\/ieslajonquera\/wp-json\/wp\/v2\/users\/3"}],"replies":[{"embeddable":true,"href":"https:\/\/agora.xtec.cat\/ieslajonquera\/wp-json\/wp\/v2\/comments?post=4835"}],"version-history":[{"count":2,"href":"https:\/\/agora.xtec.cat\/ieslajonquera\/wp-json\/wp\/v2\/posts\/4835\/revisions"}],"predecessor-version":[{"id":4838,"href":"https:\/\/agora.xtec.cat\/ieslajonquera\/wp-json\/wp\/v2\/posts\/4835\/revisions\/4838"}],"wp:featuredmedia":[{"embeddable":true,"href":"https:\/\/agora.xtec.cat\/ieslajonquera\/wp-json\/wp\/v2\/media\/4836"}],"wp:attachment":[{"href":"https:\/\/agora.xtec.cat\/ieslajonquera\/wp-json\/wp\/v2\/media?parent=4835"}],"wp:term":[{"taxonomy":"category","embeddable":true,"href":"https:\/\/agora.xtec.cat\/ieslajonquera\/wp-json\/wp\/v2\/categories?post=4835"},{"taxonomy":"post_tag","embeddable":true,"href":"https:\/\/agora.xtec.cat\/ieslajonquera\/wp-json\/wp\/v2\/tags?post=4835"}],"curies":[{"name":"wp","href":"https:\/\/api.w.org\/{rel}","templated":true}]}}