{"id":4819,"date":"2023-05-28T01:43:11","date_gmt":"2023-05-27T23:43:11","guid":{"rendered":"https:\/\/agora.xtec.cat\/ieslajonquera\/?p=4819"},"modified":"2023-05-28T01:43:11","modified_gmt":"2023-05-27T23:43:11","slug":"xerrada-sobre-la-gent-gran-a-3r-deso","status":"publish","type":"post","link":"https:\/\/agora.xtec.cat\/ieslajonquera\/general\/xerrada-sobre-la-gent-gran-a-3r-deso\/","title":{"rendered":"Xerrada sobre la gent gran a 3r d&#8217;ESO"},"content":{"rendered":"<p style=\"text-align: justify;\"><a href=\"https:\/\/agora.xtec.cat\/ieslajonquera\/wp-content\/uploads\/usu2014\/2023\/05\/IMG_59211.jpg\"><img loading=\"lazy\" decoding=\"async\" class=\"size-medium wp-image-4823 alignleft\" src=\"https:\/\/agora.xtec.cat\/ieslajonquera\/wp-content\/uploads\/usu2014\/2023\/05\/IMG_59211-300x225.jpg\" alt=\"\" width=\"300\" height=\"225\" srcset=\"https:\/\/agora.xtec.cat\/ieslajonquera\/wp-content\/uploads\/usu2014\/2023\/05\/IMG_59211-300x225.jpg 300w, https:\/\/agora.xtec.cat\/ieslajonquera\/wp-content\/uploads\/usu2014\/2023\/05\/IMG_59211-768x576.jpg 768w, https:\/\/agora.xtec.cat\/ieslajonquera\/wp-content\/uploads\/usu2014\/2023\/05\/IMG_59211-200x150.jpg 200w, https:\/\/agora.xtec.cat\/ieslajonquera\/wp-content\/uploads\/usu2014\/2023\/05\/IMG_59211.jpg 1024w\" sizes=\"auto, (max-width: 300px) 100vw, 300px\" \/><\/a>L&#8217;alumnat de 3r d&#8217;ESO ha participat en una xerrada sobre la gent gran a c\u00e0rrec de la Gl\u00f2ria Pla, t\u00e8cnica del Consell Comarcal de la Gent Gran i en Jordi Cabezas, president del Casal d&#8217;Avis de la Jonquera.<\/p>\n<p style=\"text-align: justify;\">La finalitat ha sigut sensibilitzar als joves sobre la situaci\u00f3 d&#8217;aquest col\u00b7lectiu i animar-los a participar activament en la marxa en contra del maltractament a la gent gran que tindr\u00e0 lloc el 15 de juny, a partir de les 10h del mat\u00ed, a La Jonquera i a altres poblacions de la comarca.<\/p>\n","protected":false},"excerpt":{"rendered":"<p><a href=\"https:\/\/agora.xtec.cat\/ieslajonquera\/wp-content\/uploads\/usu2014\/2023\/05\/IMG_59211.jpg\"><\/a>L&#8217;alumnat de 3r d&#8217;ESO ha participat en una xerrada sobre la gent gran a c\u00e0rrec de la Gl\u00f2ria Pla, t\u00e8cnica del Consell Comarcal de la Gent Gran i en Jordi Cabezas, president del Casal d&#8217;Avis de la Jonquera.<br \/>\nLa finalitat ha sigut sensibilitzar als joves&hellip;  <a href=\"https:\/\/agora.xtec.cat\/ieslajonquera\/general\/xerrada-sobre-la-gent-gran-a-3r-deso\/\" title=\"Read Xerrada sobre la gent gran a 3r d&#8217;ESO\">Llegeix m\u00e9s\u00bb<\/a><\/p>\n","protected":false},"author":3,"featured_media":4823,"comment_status":"open","ping_status":"closed","sticky":false,"template":"","format":"standard","meta":{"_bbp_topic_count":0,"_bbp_reply_count":0,"_bbp_total_topic_count":0,"_bbp_total_reply_count":0,"_bbp_voice_count":0,"_bbp_anonymous_reply_count":0,"_bbp_topic_count_hidden":0,"_bbp_reply_count_hidden":0,"_bbp_forum_subforum_count":0,"footnotes":""},"categories":[6,3,1],"tags":[120,158,122,44],"class_list":["post-4819","post","type-post","status-publish","format-standard","has-post-thumbnail","hentry","category-eso-3","category-eso","category-general","tag-convivencia","tag-servei-comunitari","tag-valors","tag-xerrades"],"post_mailing_queue_ids":[],"_links":{"self":[{"href":"https:\/\/agora.xtec.cat\/ieslajonquera\/wp-json\/wp\/v2\/posts\/4819","targetHints":{"allow":["GET"]}}],"collection":[{"href":"https:\/\/agora.xtec.cat\/ieslajonquera\/wp-json\/wp\/v2\/posts"}],"about":[{"href":"https:\/\/agora.xtec.cat\/ieslajonquera\/wp-json\/wp\/v2\/types\/post"}],"author":[{"embeddable":true,"href":"https:\/\/agora.xtec.cat\/ieslajonquera\/wp-json\/wp\/v2\/users\/3"}],"replies":[{"embeddable":true,"href":"https:\/\/agora.xtec.cat\/ieslajonquera\/wp-json\/wp\/v2\/comments?post=4819"}],"version-history":[{"count":2,"href":"https:\/\/agora.xtec.cat\/ieslajonquera\/wp-json\/wp\/v2\/posts\/4819\/revisions"}],"predecessor-version":[{"id":4824,"href":"https:\/\/agora.xtec.cat\/ieslajonquera\/wp-json\/wp\/v2\/posts\/4819\/revisions\/4824"}],"wp:featuredmedia":[{"embeddable":true,"href":"https:\/\/agora.xtec.cat\/ieslajonquera\/wp-json\/wp\/v2\/media\/4823"}],"wp:attachment":[{"href":"https:\/\/agora.xtec.cat\/ieslajonquera\/wp-json\/wp\/v2\/media?parent=4819"}],"wp:term":[{"taxonomy":"category","embeddable":true,"href":"https:\/\/agora.xtec.cat\/ieslajonquera\/wp-json\/wp\/v2\/categories?post=4819"},{"taxonomy":"post_tag","embeddable":true,"href":"https:\/\/agora.xtec.cat\/ieslajonquera\/wp-json\/wp\/v2\/tags?post=4819"}],"curies":[{"name":"wp","href":"https:\/\/api.w.org\/{rel}","templated":true}]}}