{"id":4817,"date":"2023-05-31T18:08:53","date_gmt":"2023-05-31T16:08:53","guid":{"rendered":"https:\/\/agora.xtec.cat\/ieslajonquera\/?p=4817"},"modified":"2023-05-31T18:08:53","modified_gmt":"2023-05-31T16:08:53","slug":"tenim-finalistes-dhonor-a-lamic-ficcions","status":"publish","type":"post","link":"https:\/\/agora.xtec.cat\/ieslajonquera\/general\/tenim-finalistes-dhonor-a-lamic-ficcions\/","title":{"rendered":"Tenim finalistes d&#8217;honor a l&#8217;AMIC-Ficcions!"},"content":{"rendered":"<p style=\"text-align: justify;\"><a href=\"https:\/\/agora.xtec.cat\/ieslajonquera\/wp-content\/uploads\/usu2014\/2023\/05\/20230523_180555-1-1.jpg\"><img loading=\"lazy\" decoding=\"async\" class=\"size-medium wp-image-4829 alignleft\" src=\"https:\/\/agora.xtec.cat\/ieslajonquera\/wp-content\/uploads\/usu2014\/2023\/05\/20230523_180555-1-1-300x225.jpg\" alt=\"\" width=\"300\" height=\"225\" srcset=\"https:\/\/agora.xtec.cat\/ieslajonquera\/wp-content\/uploads\/usu2014\/2023\/05\/20230523_180555-1-1-300x225.jpg 300w, https:\/\/agora.xtec.cat\/ieslajonquera\/wp-content\/uploads\/usu2014\/2023\/05\/20230523_180555-1-1-768x576.jpg 768w, https:\/\/agora.xtec.cat\/ieslajonquera\/wp-content\/uploads\/usu2014\/2023\/05\/20230523_180555-1-1-200x150.jpg 200w, https:\/\/agora.xtec.cat\/ieslajonquera\/wp-content\/uploads\/usu2014\/2023\/05\/20230523_180555-1-1.jpg 1024w\" sizes=\"auto, (max-width: 300px) 100vw, 300px\" \/><\/a><a href=\"https:\/\/agora.xtec.cat\/ieslajonquera\/wp-content\/uploads\/usu2014\/2023\/05\/20230523_182611-1.jpg\"><img loading=\"lazy\" decoding=\"async\" class=\"size-medium wp-image-4830 alignleft\" src=\"https:\/\/agora.xtec.cat\/ieslajonquera\/wp-content\/uploads\/usu2014\/2023\/05\/20230523_182611-1-273x300.jpg\" alt=\"\" width=\"273\" height=\"300\" srcset=\"https:\/\/agora.xtec.cat\/ieslajonquera\/wp-content\/uploads\/usu2014\/2023\/05\/20230523_182611-1-273x300.jpg 273w, https:\/\/agora.xtec.cat\/ieslajonquera\/wp-content\/uploads\/usu2014\/2023\/05\/20230523_182611-1-931x1024.jpg 931w, https:\/\/agora.xtec.cat\/ieslajonquera\/wp-content\/uploads\/usu2014\/2023\/05\/20230523_182611-1-768x845.jpg 768w, https:\/\/agora.xtec.cat\/ieslajonquera\/wp-content\/uploads\/usu2014\/2023\/05\/20230523_182611-1.jpg 1024w\" sizes=\"auto, (max-width: 273px) 100vw, 273px\" \/><\/a>Els alumnes de 4t d&#8217;ESO A Jerem\u00edas D\u00e9cima, Tomeu Beltran i Adri\u00e0 Ledesma, i la professora de Llengua Catalana i Literatura Olga Tribulietx han estat finalistes d&#8217;honor a la 15a edici\u00f3 del concurs literari AMIC-Ficcions, que cada any organitza l&#8217;Associaci\u00f3 de Mitjans d\u2019Informaci\u00f3 i Comunicaci\u00f3.<\/p>\n<p style=\"text-align: justify;\">A l&#8217;acte de lliurament, celebrat al Caixa F\u00f2rum de Barcelona el passat 23 de maig, hi va intervenir l&#8217;escriptor Jordi Sierra i Fabra.<\/p>\n","protected":false},"excerpt":{"rendered":"<p><a href=\"https:\/\/agora.xtec.cat\/ieslajonquera\/wp-content\/uploads\/usu2014\/2023\/05\/20230523_180555-1-1.jpg\"><\/a><a href=\"https:\/\/agora.xtec.cat\/ieslajonquera\/wp-content\/uploads\/usu2014\/2023\/05\/20230523_182611-1.jpg\"><\/a>Els alumnes de 4t d&#8217;ESO A Jerem\u00edas D\u00e9cima, Tomeu Beltran i Adri\u00e0 Ledesma, i la professora de Llengua Catalana i Literatura Olga Tribulietx han estat finalistes d&#8217;honor a la 15a edici\u00f3 del concurs literari AMIC-Ficcions, que cada any organitza l&#8217;Associaci\u00f3 de Mitjans d\u2019Informaci\u00f3&hellip;  <a href=\"https:\/\/agora.xtec.cat\/ieslajonquera\/general\/tenim-finalistes-dhonor-a-lamic-ficcions\/\" title=\"Read Tenim finalistes d&#8217;honor a l&#8217;AMIC-Ficcions!\">Llegeix m\u00e9s\u00bb<\/a><\/p>\n","protected":false},"author":3,"featured_media":4830,"comment_status":"open","ping_status":"closed","sticky":false,"template":"","format":"standard","meta":{"_bbp_topic_count":0,"_bbp_reply_count":0,"_bbp_total_topic_count":0,"_bbp_total_reply_count":0,"_bbp_voice_count":0,"_bbp_anonymous_reply_count":0,"_bbp_topic_count_hidden":0,"_bbp_reply_count_hidden":0,"_bbp_forum_subforum_count":0,"footnotes":""},"categories":[7,3,1],"tags":[106,133,57,124],"class_list":["post-4817","post","type-post","status-publish","format-standard","has-post-thumbnail","hentry","category-eso-4","category-eso","category-general","tag-concurs","tag-creativitat","tag-expressio-escrita","tag-literatura"],"post_mailing_queue_ids":[],"_links":{"self":[{"href":"https:\/\/agora.xtec.cat\/ieslajonquera\/wp-json\/wp\/v2\/posts\/4817","targetHints":{"allow":["GET"]}}],"collection":[{"href":"https:\/\/agora.xtec.cat\/ieslajonquera\/wp-json\/wp\/v2\/posts"}],"about":[{"href":"https:\/\/agora.xtec.cat\/ieslajonquera\/wp-json\/wp\/v2\/types\/post"}],"author":[{"embeddable":true,"href":"https:\/\/agora.xtec.cat\/ieslajonquera\/wp-json\/wp\/v2\/users\/3"}],"replies":[{"embeddable":true,"href":"https:\/\/agora.xtec.cat\/ieslajonquera\/wp-json\/wp\/v2\/comments?post=4817"}],"version-history":[{"count":2,"href":"https:\/\/agora.xtec.cat\/ieslajonquera\/wp-json\/wp\/v2\/posts\/4817\/revisions"}],"predecessor-version":[{"id":4831,"href":"https:\/\/agora.xtec.cat\/ieslajonquera\/wp-json\/wp\/v2\/posts\/4817\/revisions\/4831"}],"wp:featuredmedia":[{"embeddable":true,"href":"https:\/\/agora.xtec.cat\/ieslajonquera\/wp-json\/wp\/v2\/media\/4830"}],"wp:attachment":[{"href":"https:\/\/agora.xtec.cat\/ieslajonquera\/wp-json\/wp\/v2\/media?parent=4817"}],"wp:term":[{"taxonomy":"category","embeddable":true,"href":"https:\/\/agora.xtec.cat\/ieslajonquera\/wp-json\/wp\/v2\/categories?post=4817"},{"taxonomy":"post_tag","embeddable":true,"href":"https:\/\/agora.xtec.cat\/ieslajonquera\/wp-json\/wp\/v2\/tags?post=4817"}],"curies":[{"name":"wp","href":"https:\/\/api.w.org\/{rel}","templated":true}]}}