{"id":4769,"date":"2023-04-29T17:59:24","date_gmt":"2023-04-29T15:59:24","guid":{"rendered":"https:\/\/agora.xtec.cat\/ieslajonquera\/?p=4769"},"modified":"2023-04-29T18:06:04","modified_gmt":"2023-04-29T16:06:04","slug":"diada-del-llibre-i-la-rosa-premis","status":"publish","type":"post","link":"https:\/\/agora.xtec.cat\/ieslajonquera\/general\/diada-del-llibre-i-la-rosa-premis\/","title":{"rendered":"Diada del LLibre i la Rosa: premis"},"content":{"rendered":"<p style=\"text-align: justify;\"><a href=\"https:\/\/agora.xtec.cat\/ieslajonquera\/wp-content\/uploads\/usu2014\/2023\/04\/20230428_1130431.jpg\"><img loading=\"lazy\" decoding=\"async\" class=\"size-medium wp-image-4772 alignleft\" src=\"https:\/\/agora.xtec.cat\/ieslajonquera\/wp-content\/uploads\/usu2014\/2023\/04\/20230428_1130431-300x225.jpg\" alt=\"\" width=\"300\" height=\"225\" srcset=\"https:\/\/agora.xtec.cat\/ieslajonquera\/wp-content\/uploads\/usu2014\/2023\/04\/20230428_1130431-300x225.jpg 300w, https:\/\/agora.xtec.cat\/ieslajonquera\/wp-content\/uploads\/usu2014\/2023\/04\/20230428_1130431-768x576.jpg 768w, https:\/\/agora.xtec.cat\/ieslajonquera\/wp-content\/uploads\/usu2014\/2023\/04\/20230428_1130431-200x150.jpg 200w, https:\/\/agora.xtec.cat\/ieslajonquera\/wp-content\/uploads\/usu2014\/2023\/04\/20230428_1130431.jpg 1024w\" sizes=\"auto, (max-width: 300px) 100vw, 300px\" \/><\/a>El passat divendres 28 d&#8217;abril va tenir lloc l&#8217;acte de lliurament de premis dels concursos de la Diada del Llibre i la Rosa, a l&#8217;hora del pati, a la biblioteca. Hi van assistit tots els alumnes finalistes, a excepci\u00f3 dels de PFI, que no van poder ser-hi perqu\u00e8 fan pr\u00e0ctiques en diferents empreses del municipi.<\/p>\n<p style=\"text-align: justify;\">Aquests s\u00f3n <a href=\"https:\/\/drive.google.com\/file\/d\/1B1pk5q38M2oUBmLwsou32c07e7KB11-Z\/view?usp=share_link\">els alumnes guanyadors i finalistes i les obres guanyadores<\/a>.<\/p>\n","protected":false},"excerpt":{"rendered":"<p><a href=\"https:\/\/agora.xtec.cat\/ieslajonquera\/wp-content\/uploads\/usu2014\/2023\/04\/20230428_1130431.jpg\"><\/a>El passat divendres 28 d&#8217;abril va tenir lloc l&#8217;acte de lliurament de premis dels concursos de la Diada del Llibre i la Rosa, a l&#8217;hora del pati, a la biblioteca. Hi van assistit tots els alumnes finalistes, a excepci\u00f3 dels de PFI, que no&hellip;  <a href=\"https:\/\/agora.xtec.cat\/ieslajonquera\/general\/diada-del-llibre-i-la-rosa-premis\/\" title=\"Read Diada del LLibre i la Rosa: premis\">Llegeix m\u00e9s\u00bb<\/a><\/p>\n","protected":false},"author":3,"featured_media":4772,"comment_status":"open","ping_status":"closed","sticky":false,"template":"","format":"standard","meta":{"_bbp_topic_count":0,"_bbp_reply_count":0,"_bbp_total_topic_count":0,"_bbp_total_reply_count":0,"_bbp_voice_count":0,"_bbp_anonymous_reply_count":0,"_bbp_topic_count_hidden":0,"_bbp_reply_count_hidden":0,"_bbp_forum_subforum_count":0,"footnotes":""},"categories":[1],"tags":[106,133,57,124,38],"class_list":["post-4769","post","type-post","status-publish","format-standard","has-post-thumbnail","hentry","category-general","tag-concurs","tag-creativitat","tag-expressio-escrita","tag-literatura","tag-sant-jordi"],"post_mailing_queue_ids":[],"_links":{"self":[{"href":"https:\/\/agora.xtec.cat\/ieslajonquera\/wp-json\/wp\/v2\/posts\/4769","targetHints":{"allow":["GET"]}}],"collection":[{"href":"https:\/\/agora.xtec.cat\/ieslajonquera\/wp-json\/wp\/v2\/posts"}],"about":[{"href":"https:\/\/agora.xtec.cat\/ieslajonquera\/wp-json\/wp\/v2\/types\/post"}],"author":[{"embeddable":true,"href":"https:\/\/agora.xtec.cat\/ieslajonquera\/wp-json\/wp\/v2\/users\/3"}],"replies":[{"embeddable":true,"href":"https:\/\/agora.xtec.cat\/ieslajonquera\/wp-json\/wp\/v2\/comments?post=4769"}],"version-history":[{"count":3,"href":"https:\/\/agora.xtec.cat\/ieslajonquera\/wp-json\/wp\/v2\/posts\/4769\/revisions"}],"predecessor-version":[{"id":4774,"href":"https:\/\/agora.xtec.cat\/ieslajonquera\/wp-json\/wp\/v2\/posts\/4769\/revisions\/4774"}],"wp:featuredmedia":[{"embeddable":true,"href":"https:\/\/agora.xtec.cat\/ieslajonquera\/wp-json\/wp\/v2\/media\/4772"}],"wp:attachment":[{"href":"https:\/\/agora.xtec.cat\/ieslajonquera\/wp-json\/wp\/v2\/media?parent=4769"}],"wp:term":[{"taxonomy":"category","embeddable":true,"href":"https:\/\/agora.xtec.cat\/ieslajonquera\/wp-json\/wp\/v2\/categories?post=4769"},{"taxonomy":"post_tag","embeddable":true,"href":"https:\/\/agora.xtec.cat\/ieslajonquera\/wp-json\/wp\/v2\/tags?post=4769"}],"curies":[{"name":"wp","href":"https:\/\/api.w.org\/{rel}","templated":true}]}}