{"id":4766,"date":"2023-04-29T17:39:41","date_gmt":"2023-04-29T15:39:41","guid":{"rendered":"https:\/\/agora.xtec.cat\/ieslajonquera\/?p=4766"},"modified":"2023-04-29T17:39:41","modified_gmt":"2023-04-29T15:39:41","slug":"recollida-de-telefons-mobils-vells","status":"publish","type":"post","link":"https:\/\/agora.xtec.cat\/ieslajonquera\/general\/recollida-de-telefons-mobils-vells\/","title":{"rendered":"Recollida de tel\u00e8fons m\u00f2bils vells"},"content":{"rendered":"<p style=\"text-align: justify;\"><a href=\"https:\/\/agora.xtec.cat\/ieslajonquera\/wp-content\/uploads\/usu2014\/2023\/04\/IMG-20230426-WA0000.jpg\"><img loading=\"lazy\" decoding=\"async\" class=\"size-medium wp-image-4767 alignleft\" src=\"https:\/\/agora.xtec.cat\/ieslajonquera\/wp-content\/uploads\/usu2014\/2023\/04\/IMG-20230426-WA0000-225x300.jpg\" alt=\"\" width=\"225\" height=\"300\" srcset=\"https:\/\/agora.xtec.cat\/ieslajonquera\/wp-content\/uploads\/usu2014\/2023\/04\/IMG-20230426-WA0000-225x300.jpg 225w, https:\/\/agora.xtec.cat\/ieslajonquera\/wp-content\/uploads\/usu2014\/2023\/04\/IMG-20230426-WA0000-768x1024.jpg 768w, https:\/\/agora.xtec.cat\/ieslajonquera\/wp-content\/uploads\/usu2014\/2023\/04\/IMG-20230426-WA0000-1152x1536.jpg 1152w, https:\/\/agora.xtec.cat\/ieslajonquera\/wp-content\/uploads\/usu2014\/2023\/04\/IMG-20230426-WA0000.jpg 1200w\" sizes=\"auto, (max-width: 225px) 100vw, 225px\" \/><\/a>Els alumnes de 4t d&#8217;ESO participen en el programa educatiu &#8220;Generaci\u00f3 Reset&#8221; i han organitzat una recollida de tel\u00e8fons m\u00f2bils vells que s&#8217;enviaran a l&#8217;empresa d&#8217;inserci\u00f3 <a href=\"https:\/\/andromines.net\/missio-visio-valors\/\">Andr\u00f2mines<\/a> on es reciclaran alguns dels components per tal d&#8217;evitar haver de tornar a extreure&#8217;ls de la natura.<\/p>\n<p style=\"text-align: justify;\">El nou programa educatiu: <strong><em>Generaci\u00f3 Reset. Reutilitzem el m\u00f2bil per reiniciar el sistema! <\/em><\/strong>\u00e9s una iniciativa de l\u2019Ag\u00e8ncia de Residus de Catalunya i els Sistemes Col\u00b7lectius de Responsabilitat Ampliada del Productor (SCRAP) de Residus d&#8217;aparells el\u00e8ctrics i electr\u00f2nics (RAEE). T\u00e9 dos objectius principals: prendre consci\u00e8ncia dels problemes ambientals i socials derivats de la producci\u00f3 d\u2019aparells electr\u00f2nics i aprendre a reparar i reciclar els dispositius per fer un \u00fas m\u00e9s sostenible de l\u2019electr\u00f2nica.<\/p>\n<p style=\"text-align: justify;\">Esperem la vostra participaci\u00f3!<\/p>\n","protected":false},"excerpt":{"rendered":"<p><a href=\"https:\/\/agora.xtec.cat\/ieslajonquera\/wp-content\/uploads\/usu2014\/2023\/04\/IMG-20230426-WA0000.jpg\"><\/a>Els alumnes de 4t d&#8217;ESO participen en el programa educatiu &#8220;Generaci\u00f3 Reset&#8221; i han organitzat una recollida de tel\u00e8fons m\u00f2bils vells que s&#8217;enviaran a l&#8217;empresa d&#8217;inserci\u00f3 <a href=\"https:\/\/andromines.net\/missio-visio-valors\/\">Andr\u00f2mines<\/a> on es reciclaran alguns dels components per tal d&#8217;evitar haver de tornar a extreure&#8217;ls de la&hellip;  <a href=\"https:\/\/agora.xtec.cat\/ieslajonquera\/general\/recollida-de-telefons-mobils-vells\/\" title=\"Read Recollida de tel\u00e8fons m\u00f2bils vells\">Llegeix m\u00e9s\u00bb<\/a><\/p>\n","protected":false},"author":3,"featured_media":4767,"comment_status":"open","ping_status":"closed","sticky":false,"template":"","format":"standard","meta":{"_bbp_topic_count":0,"_bbp_reply_count":0,"_bbp_total_topic_count":0,"_bbp_total_reply_count":0,"_bbp_voice_count":0,"_bbp_anonymous_reply_count":0,"_bbp_topic_count_hidden":0,"_bbp_reply_count_hidden":0,"_bbp_forum_subforum_count":0,"footnotes":""},"categories":[7,3,1],"tags":[128,138],"class_list":["post-4766","post","type-post","status-publish","format-standard","has-post-thumbnail","hentry","category-eso-4","category-eso","category-general","tag-sostenibilitat","tag-tecnologia"],"post_mailing_queue_ids":[],"_links":{"self":[{"href":"https:\/\/agora.xtec.cat\/ieslajonquera\/wp-json\/wp\/v2\/posts\/4766","targetHints":{"allow":["GET"]}}],"collection":[{"href":"https:\/\/agora.xtec.cat\/ieslajonquera\/wp-json\/wp\/v2\/posts"}],"about":[{"href":"https:\/\/agora.xtec.cat\/ieslajonquera\/wp-json\/wp\/v2\/types\/post"}],"author":[{"embeddable":true,"href":"https:\/\/agora.xtec.cat\/ieslajonquera\/wp-json\/wp\/v2\/users\/3"}],"replies":[{"embeddable":true,"href":"https:\/\/agora.xtec.cat\/ieslajonquera\/wp-json\/wp\/v2\/comments?post=4766"}],"version-history":[{"count":1,"href":"https:\/\/agora.xtec.cat\/ieslajonquera\/wp-json\/wp\/v2\/posts\/4766\/revisions"}],"predecessor-version":[{"id":4768,"href":"https:\/\/agora.xtec.cat\/ieslajonquera\/wp-json\/wp\/v2\/posts\/4766\/revisions\/4768"}],"wp:featuredmedia":[{"embeddable":true,"href":"https:\/\/agora.xtec.cat\/ieslajonquera\/wp-json\/wp\/v2\/media\/4767"}],"wp:attachment":[{"href":"https:\/\/agora.xtec.cat\/ieslajonquera\/wp-json\/wp\/v2\/media?parent=4766"}],"wp:term":[{"taxonomy":"category","embeddable":true,"href":"https:\/\/agora.xtec.cat\/ieslajonquera\/wp-json\/wp\/v2\/categories?post=4766"},{"taxonomy":"post_tag","embeddable":true,"href":"https:\/\/agora.xtec.cat\/ieslajonquera\/wp-json\/wp\/v2\/tags?post=4766"}],"curies":[{"name":"wp","href":"https:\/\/api.w.org\/{rel}","templated":true}]}}