{"id":4758,"date":"2023-04-24T09:06:30","date_gmt":"2023-04-24T07:06:30","guid":{"rendered":"https:\/\/agora.xtec.cat\/ieslajonquera\/?p=4758"},"modified":"2023-04-24T09:06:30","modified_gmt":"2023-04-24T07:06:30","slug":"sortida-a-ledar-i-la-deixalleria-de-figueres","status":"publish","type":"post","link":"https:\/\/agora.xtec.cat\/ieslajonquera\/general\/sortida-a-ledar-i-la-deixalleria-de-figueres\/","title":{"rendered":"Sortida a l&#8217;EDAR i la deixalleria de Figueres"},"content":{"rendered":"<p style=\"text-align: justify;\"><a href=\"https:\/\/agora.xtec.cat\/ieslajonquera\/wp-content\/uploads\/usu2014\/2023\/04\/1681842844136-1.jpg\"><img loading=\"lazy\" decoding=\"async\" class=\"size-medium wp-image-4759 alignleft\" src=\"https:\/\/agora.xtec.cat\/ieslajonquera\/wp-content\/uploads\/usu2014\/2023\/04\/1681842844136-1-300x224.jpg\" alt=\"\" width=\"300\" height=\"224\" srcset=\"https:\/\/agora.xtec.cat\/ieslajonquera\/wp-content\/uploads\/usu2014\/2023\/04\/1681842844136-1-300x224.jpg 300w, https:\/\/agora.xtec.cat\/ieslajonquera\/wp-content\/uploads\/usu2014\/2023\/04\/1681842844136-1-768x575.jpg 768w, https:\/\/agora.xtec.cat\/ieslajonquera\/wp-content\/uploads\/usu2014\/2023\/04\/1681842844136-1-200x150.jpg 200w, https:\/\/agora.xtec.cat\/ieslajonquera\/wp-content\/uploads\/usu2014\/2023\/04\/1681842844136-1.jpg 1024w\" sizes=\"auto, (max-width: 300px) 100vw, 300px\" \/><\/a>L&#8217;alumnat de 3r d&#8217;ESO va fer una sortida a Figueres, el passat 18 d&#8217;abril, en qu\u00e8 va visitar l&#8217;Estaci\u00f3 Depuradora d&#8217;Aig\u00fces Residuals (EDAR) i la deixalleria.<\/p>\n<p style=\"text-align: justify;\">A l&#8217;EDAR, l&#8217;alumnat va visitar la instal\u00b7laci\u00f3 i els van explicar tot el proc\u00e9s que es fa a l&#8217;aigua per tal de depurar-la.<\/p>\n<p style=\"text-align: justify;\">A la deixalleria, l&#8217;alumnat va observar tots els residus que s&#8217;hi accepten i va prendre consci\u00e8ncia de la import\u00e0ncia que t\u00e9 fer un bon reciclatge, tot i que el millor residu \u00e9s el que no es genera.<\/p>\n<p>&nbsp;<\/p>\n","protected":false},"excerpt":{"rendered":"<p><a href=\"https:\/\/agora.xtec.cat\/ieslajonquera\/wp-content\/uploads\/usu2014\/2023\/04\/1681842844136-1.jpg\"><\/a>L&#8217;alumnat de 3r d&#8217;ESO va fer una sortida a Figueres, el passat 18 d&#8217;abril, en qu\u00e8 va visitar l&#8217;Estaci\u00f3 Depuradora d&#8217;Aig\u00fces Residuals (EDAR) i la deixalleria.<br \/>\nA l&#8217;EDAR, l&#8217;alumnat va visitar la instal\u00b7laci\u00f3 i els van explicar tot el proc\u00e9s que es fa a l&#8217;aigua&hellip;  <a href=\"https:\/\/agora.xtec.cat\/ieslajonquera\/general\/sortida-a-ledar-i-la-deixalleria-de-figueres\/\" title=\"Read Sortida a l&#8217;EDAR i la deixalleria de Figueres\">Llegeix m\u00e9s\u00bb<\/a><\/p>\n","protected":false},"author":3,"featured_media":4759,"comment_status":"open","ping_status":"closed","sticky":false,"template":"","format":"standard","meta":{"_bbp_topic_count":0,"_bbp_reply_count":0,"_bbp_total_topic_count":0,"_bbp_total_reply_count":0,"_bbp_voice_count":0,"_bbp_anonymous_reply_count":0,"_bbp_topic_count_hidden":0,"_bbp_reply_count_hidden":0,"_bbp_forum_subforum_count":0,"footnotes":""},"categories":[6,3,1],"tags":[39,128],"class_list":["post-4758","post","type-post","status-publish","format-standard","has-post-thumbnail","hentry","category-eso-3","category-eso","category-general","tag-sortides","tag-sostenibilitat"],"post_mailing_queue_ids":[],"_links":{"self":[{"href":"https:\/\/agora.xtec.cat\/ieslajonquera\/wp-json\/wp\/v2\/posts\/4758","targetHints":{"allow":["GET"]}}],"collection":[{"href":"https:\/\/agora.xtec.cat\/ieslajonquera\/wp-json\/wp\/v2\/posts"}],"about":[{"href":"https:\/\/agora.xtec.cat\/ieslajonquera\/wp-json\/wp\/v2\/types\/post"}],"author":[{"embeddable":true,"href":"https:\/\/agora.xtec.cat\/ieslajonquera\/wp-json\/wp\/v2\/users\/3"}],"replies":[{"embeddable":true,"href":"https:\/\/agora.xtec.cat\/ieslajonquera\/wp-json\/wp\/v2\/comments?post=4758"}],"version-history":[{"count":1,"href":"https:\/\/agora.xtec.cat\/ieslajonquera\/wp-json\/wp\/v2\/posts\/4758\/revisions"}],"predecessor-version":[{"id":4760,"href":"https:\/\/agora.xtec.cat\/ieslajonquera\/wp-json\/wp\/v2\/posts\/4758\/revisions\/4760"}],"wp:featuredmedia":[{"embeddable":true,"href":"https:\/\/agora.xtec.cat\/ieslajonquera\/wp-json\/wp\/v2\/media\/4759"}],"wp:attachment":[{"href":"https:\/\/agora.xtec.cat\/ieslajonquera\/wp-json\/wp\/v2\/media?parent=4758"}],"wp:term":[{"taxonomy":"category","embeddable":true,"href":"https:\/\/agora.xtec.cat\/ieslajonquera\/wp-json\/wp\/v2\/categories?post=4758"},{"taxonomy":"post_tag","embeddable":true,"href":"https:\/\/agora.xtec.cat\/ieslajonquera\/wp-json\/wp\/v2\/tags?post=4758"}],"curies":[{"name":"wp","href":"https:\/\/api.w.org\/{rel}","templated":true}]}}