{"id":4749,"date":"2023-04-23T08:26:57","date_gmt":"2023-04-23T06:26:57","guid":{"rendered":"https:\/\/agora.xtec.cat\/ieslajonquera\/?p=4749"},"modified":"2023-04-24T13:59:42","modified_gmt":"2023-04-24T11:59:42","slug":"atencio","status":"publish","type":"post","link":"https:\/\/agora.xtec.cat\/ieslajonquera\/general\/atencio\/","title":{"rendered":"Atenci\u00f3!"},"content":{"rendered":"<p>Els i les finalistes dels concursos de la Diada del Llibre i la Rosa, organitzats per la Comissi\u00f3 de Dinamitzaci\u00f3 de la Biblioteca Escolar, s\u00f3n:<\/p>\n<table style=\"border-collapse: collapse; width: 74.6748%;\">\n<tbody>\n<tr>\n<td style=\"width: 19.8064%;\"><a href=\"https:\/\/agora.xtec.cat\/ieslajonquera\/wp-content\/uploads\/usu2014\/2023\/04\/JA-TENIM-ELS-FINALISTES-DELS-CONCURSOS-DE-SANT-JORDI.jpg\"><img loading=\"lazy\" decoding=\"async\" class=\"aligncenter size-medium wp-image-4750\" src=\"https:\/\/agora.xtec.cat\/ieslajonquera\/wp-content\/uploads\/usu2014\/2023\/04\/JA-TENIM-ELS-FINALISTES-DELS-CONCURSOS-DE-SANT-JORDI-300x300.jpg\" alt=\"\" width=\"300\" height=\"300\" srcset=\"https:\/\/agora.xtec.cat\/ieslajonquera\/wp-content\/uploads\/usu2014\/2023\/04\/JA-TENIM-ELS-FINALISTES-DELS-CONCURSOS-DE-SANT-JORDI-300x300.jpg 300w, https:\/\/agora.xtec.cat\/ieslajonquera\/wp-content\/uploads\/usu2014\/2023\/04\/JA-TENIM-ELS-FINALISTES-DELS-CONCURSOS-DE-SANT-JORDI-1024x1024.jpg 1024w, https:\/\/agora.xtec.cat\/ieslajonquera\/wp-content\/uploads\/usu2014\/2023\/04\/JA-TENIM-ELS-FINALISTES-DELS-CONCURSOS-DE-SANT-JORDI-150x150.jpg 150w, https:\/\/agora.xtec.cat\/ieslajonquera\/wp-content\/uploads\/usu2014\/2023\/04\/JA-TENIM-ELS-FINALISTES-DELS-CONCURSOS-DE-SANT-JORDI-768x768.jpg 768w, https:\/\/agora.xtec.cat\/ieslajonquera\/wp-content\/uploads\/usu2014\/2023\/04\/JA-TENIM-ELS-FINALISTES-DELS-CONCURSOS-DE-SANT-JORDI.jpg 1080w\" sizes=\"auto, (max-width: 300px) 100vw, 300px\" \/><\/a><\/td>\n<td style=\"width: 27.0949%;\"><strong>CONCURS LITERARI<\/strong><\/p>\n<p><strong>Microrelat<\/strong><\/p>\n<ul>\n<li>Categoria A: Jad Taligui, Iago Meil\u00e1n, Adrien Veljkovic<\/li>\n<li>Categoria B: Tomeu Beltran, J\u00falia Ferrusola, Zia Boz<\/li>\n<li>Categoria C: Guillem Llinares, Miquel Puigbert, Marc Pou<\/li>\n<li>Categoria D: Darlis Mendoza, Sharin Arroyo, Fatine El Youssfi<\/li>\n<\/ul>\n<p><strong>Haiku<\/strong><\/p>\n<ul>\n<li>Categoria A: &#8211;<\/li>\n<li>Categoria B: Dani S\u00e1nchez, S\u00f2nia Gamero, Mireia Pag\u00e8s<\/li>\n<li>Categoria C: Miquel Puigbert<\/li>\n<li>Categoria D: Harol Arroyo, Einar Maho<\/li>\n<\/ul>\n<\/td>\n<td style=\"width: 27.3641%;\"><strong>CONCURS FOTOGR\u00c0FIC<\/strong><\/p>\n<p><strong>Bookface<\/strong><\/p>\n<ul>\n<li>Categoria A: Ma\u00eblle Cord\u00f3n, Iago Meil\u00e1n<\/li>\n<li>Categoria B: Any\u00e9lica Camejo<\/li>\n<li>Categoria C: &#8211;<\/li>\n<li>Categoria D: Jos\u00e9 Plaza, Ayoub Errahmouni, Darlis Mendoza<\/li>\n<\/ul>\n<p><strong>Bibliopoema<\/strong><\/p>\n<ul>\n<li>Categoria A: Ginesta Beltran, Ana Villarroel, \u00c8lia Escaffre<\/li>\n<li>Categoria B: &#8211;<\/li>\n<li>Categoria C: &#8211;<\/li>\n<li>Categoria D: &#8211;<\/li>\n<\/ul>\n<\/td>\n<\/tr>\n<\/tbody>\n<\/table>\n<p>Les obres premiades es donaran a con\u00e8ixer divendres, a l&#8217;hora del pati, a la biblioteca, en l&#8217;acte de lliurament de premis. Tots els finalistes tindran un petit obsequi.<\/p>\n","protected":false},"excerpt":{"rendered":"<p>Els i les finalistes dels concursos de la Diada del Llibre i la Rosa, organitzats per la Comissi\u00f3 de Dinamitzaci\u00f3 de la Biblioteca Escolar, s\u00f3n:<\/p>\n<p><a href=\"https:\/\/agora.xtec.cat\/ieslajonquera\/wp-content\/uploads\/usu2014\/2023\/04\/JA-TENIM-ELS-FINALISTES-DELS-CONCURSOS-DE-SANT-JORDI.jpg\"><\/a><br \/>\nCONCURS LITERARI<br \/>\nMicrorelat<\/p>\n<ul>\n<li>Categoria A: Jad Taligui, Iago Meil\u00e1n, Adrien Veljkovic<\/li>\n<li>Categoria B: Tomeu Beltran, J\u00falia Ferrusola, Zia Boz<\/li>\n<li>Categoria C: Guillem Llinares, Miquel&hellip;  <a href=\"https:\/\/agora.xtec.cat\/ieslajonquera\/general\/atencio\/\" title=\"Read Atenci\u00f3!\">Llegeix m\u00e9s\u00bb<\/a><br \/>\n","protected":false},"author":3,"featured_media":4750,"comment_status":"open","ping_status":"closed","sticky":false,"template":"","format":"standard","meta":{"_bbp_topic_count":0,"_bbp_reply_count":0,"_bbp_total_topic_count":0,"_bbp_total_reply_count":0,"_bbp_voice_count":0,"_bbp_anonymous_reply_count":0,"_bbp_topic_count_hidden":0,"_bbp_reply_count_hidden":0,"_bbp_forum_subforum_count":0,"footnotes":""},"categories":[1],"tags":[113,106,38],"class_list":["post-4749","post","type-post","status-publish","format-standard","has-post-thumbnail","hentry","category-general","tag-biblioteca","tag-concurs","tag-sant-jordi"],"post_mailing_queue_ids":[],"_links":{"self":[{"href":"https:\/\/agora.xtec.cat\/ieslajonquera\/wp-json\/wp\/v2\/posts\/4749","targetHints":{"allow":["GET"]}}],"collection":[{"href":"https:\/\/agora.xtec.cat\/ieslajonquera\/wp-json\/wp\/v2\/posts"}],"about":[{"href":"https:\/\/agora.xtec.cat\/ieslajonquera\/wp-json\/wp\/v2\/types\/post"}],"author":[{"embeddable":true,"href":"https:\/\/agora.xtec.cat\/ieslajonquera\/wp-json\/wp\/v2\/users\/3"}],"replies":[{"embeddable":true,"href":"https:\/\/agora.xtec.cat\/ieslajonquera\/wp-json\/wp\/v2\/comments?post=4749"}],"version-history":[{"count":3,"href":"https:\/\/agora.xtec.cat\/ieslajonquera\/wp-json\/wp\/v2\/posts\/4749\/revisions"}],"predecessor-version":[{"id":4761,"href":"https:\/\/agora.xtec.cat\/ieslajonquera\/wp-json\/wp\/v2\/posts\/4749\/revisions\/4761"}],"wp:featuredmedia":[{"embeddable":true,"href":"https:\/\/agora.xtec.cat\/ieslajonquera\/wp-json\/wp\/v2\/media\/4750"}],"wp:attachment":[{"href":"https:\/\/agora.xtec.cat\/ieslajonquera\/wp-json\/wp\/v2\/media?parent=4749"}],"wp:term":[{"taxonomy":"category","embeddable":true,"href":"https:\/\/agora.xtec.cat\/ieslajonquera\/wp-json\/wp\/v2\/categories?post=4749"},{"taxonomy":"post_tag","embeddable":true,"href":"https:\/\/agora.xtec.cat\/ieslajonquera\/wp-json\/wp\/v2\/tags?post=4749"}],"curies":[{"name":"wp","href":"https:\/\/api.w.org\/{rel}","templated":true}]}}