{"id":4730,"date":"2023-04-20T09:09:45","date_gmt":"2023-04-20T07:09:45","guid":{"rendered":"https:\/\/agora.xtec.cat\/ieslajonquera\/?p=4730"},"modified":"2023-04-29T17:40:16","modified_gmt":"2023-04-29T15:40:16","slug":"collaboracio-dels-servei-comunitari-en-la-propera-campanya-de-donacio-de-sang","status":"publish","type":"post","link":"https:\/\/agora.xtec.cat\/ieslajonquera\/general\/collaboracio-dels-servei-comunitari-en-la-propera-campanya-de-donacio-de-sang\/","title":{"rendered":"Col\u00b7laboraci\u00f3 dels Servei Comunitari en la propera campanya de donaci\u00f3 de sang"},"content":{"rendered":"<p style=\"text-align: justify;\"><a href=\"https:\/\/agora.xtec.cat\/ieslajonquera\/wp-content\/uploads\/usu2014\/2023\/04\/CA4_DMT6_APS_mcas_jonquera_CA1.jpg\"><img loading=\"lazy\" decoding=\"async\" class=\"size-medium wp-image-4731 alignleft\" src=\"https:\/\/agora.xtec.cat\/ieslajonquera\/wp-content\/uploads\/usu2014\/2023\/04\/CA4_DMT6_APS_mcas_jonquera_CA1-212x300.jpg\" alt=\"\" width=\"212\" height=\"300\" srcset=\"https:\/\/agora.xtec.cat\/ieslajonquera\/wp-content\/uploads\/usu2014\/2023\/04\/CA4_DMT6_APS_mcas_jonquera_CA1-212x300.jpg 212w, https:\/\/agora.xtec.cat\/ieslajonquera\/wp-content\/uploads\/usu2014\/2023\/04\/CA4_DMT6_APS_mcas_jonquera_CA1-724x1024.jpg 724w, https:\/\/agora.xtec.cat\/ieslajonquera\/wp-content\/uploads\/usu2014\/2023\/04\/CA4_DMT6_APS_mcas_jonquera_CA1-768x1086.jpg 768w, https:\/\/agora.xtec.cat\/ieslajonquera\/wp-content\/uploads\/usu2014\/2023\/04\/CA4_DMT6_APS_mcas_jonquera_CA1-1086x1536.jpg 1086w, https:\/\/agora.xtec.cat\/ieslajonquera\/wp-content\/uploads\/usu2014\/2023\/04\/CA4_DMT6_APS_mcas_jonquera_CA1.jpg 1240w\" sizes=\"auto, (max-width: 212px) 100vw, 212px\" \/><\/a>Alguns alumnes de 4t d&#8217;ESO col\u00b7laboren, des del Servei Comunitari, en l&#8217;organitzaci\u00f3 de la campanya de donaci\u00f3 de sang que tindr\u00e0 lloc el dilluns 24 d&#8217;abril a la Societat de la Jonquera.<\/p>\n<p style=\"text-align: justify;\">El cartell ha estat dissenyat pels alumnes de 4t A Vinyet Gonz\u00e1lez, Pep Coloma i Jerem\u00edas D\u00e9cima.<\/p>\n<p>Aquesta \u00e9s la <a href=\"https:\/\/drive.google.com\/file\/d\/1kfSp-Ia-a-0c4tODZGBBQkS6fmb5mgOn\/view?usp=share_link\">nota de premsa<\/a> corresponent a la campanya.<\/p>\n<p><a href=\"https:\/\/agora.xtec.cat\/ieslajonquera\/wp-content\/uploads\/usu2014\/2023\/04\/IG_DMT6_BOM23_mcas_jonquera_SG_CA.jpg\"><img loading=\"lazy\" decoding=\"async\" class=\"size-medium wp-image-4732 alignleft\" src=\"https:\/\/agora.xtec.cat\/ieslajonquera\/wp-content\/uploads\/usu2014\/2023\/04\/IG_DMT6_BOM23_mcas_jonquera_SG_CA-300x300.jpg\" alt=\"\" width=\"300\" height=\"300\" srcset=\"https:\/\/agora.xtec.cat\/ieslajonquera\/wp-content\/uploads\/usu2014\/2023\/04\/IG_DMT6_BOM23_mcas_jonquera_SG_CA-300x300.jpg 300w, https:\/\/agora.xtec.cat\/ieslajonquera\/wp-content\/uploads\/usu2014\/2023\/04\/IG_DMT6_BOM23_mcas_jonquera_SG_CA-1024x1024.jpg 1024w, https:\/\/agora.xtec.cat\/ieslajonquera\/wp-content\/uploads\/usu2014\/2023\/04\/IG_DMT6_BOM23_mcas_jonquera_SG_CA-150x150.jpg 150w, https:\/\/agora.xtec.cat\/ieslajonquera\/wp-content\/uploads\/usu2014\/2023\/04\/IG_DMT6_BOM23_mcas_jonquera_SG_CA-768x768.jpg 768w, https:\/\/agora.xtec.cat\/ieslajonquera\/wp-content\/uploads\/usu2014\/2023\/04\/IG_DMT6_BOM23_mcas_jonquera_SG_CA.jpg 1080w\" sizes=\"auto, (max-width: 300px) 100vw, 300px\" \/><\/a><\/p>\n","protected":false},"excerpt":{"rendered":"<p><a href=\"https:\/\/agora.xtec.cat\/ieslajonquera\/wp-content\/uploads\/usu2014\/2023\/04\/CA4_DMT6_APS_mcas_jonquera_CA1.jpg\"><\/a>Alguns alumnes de 4t d&#8217;ESO col\u00b7laboren, des del Servei Comunitari, en l&#8217;organitzaci\u00f3 de la campanya de donaci\u00f3 de sang que tindr\u00e0 lloc el dilluns 24 d&#8217;abril a la Societat de la Jonquera.<br \/>\nEl cartell ha estat dissenyat pels alumnes de 4t A Vinyet Gonz\u00e1lez, Pep&hellip;  <a href=\"https:\/\/agora.xtec.cat\/ieslajonquera\/general\/collaboracio-dels-servei-comunitari-en-la-propera-campanya-de-donacio-de-sang\/\" title=\"Read Col\u00b7laboraci\u00f3 dels Servei Comunitari en la propera campanya de donaci\u00f3 de sang\">Llegeix m\u00e9s\u00bb<\/a><\/p>\n","protected":false},"author":3,"featured_media":4731,"comment_status":"open","ping_status":"closed","sticky":false,"template":"","format":"standard","meta":{"_bbp_topic_count":0,"_bbp_reply_count":0,"_bbp_total_topic_count":0,"_bbp_total_reply_count":0,"_bbp_voice_count":0,"_bbp_anonymous_reply_count":0,"_bbp_topic_count_hidden":0,"_bbp_reply_count_hidden":0,"_bbp_forum_subforum_count":0,"footnotes":""},"categories":[7,3,1],"tags":[158,127],"class_list":["post-4730","post","type-post","status-publish","format-standard","has-post-thumbnail","hentry","category-eso-4","category-eso","category-general","tag-servei-comunitari","tag-solidaritat"],"post_mailing_queue_ids":[],"_links":{"self":[{"href":"https:\/\/agora.xtec.cat\/ieslajonquera\/wp-json\/wp\/v2\/posts\/4730","targetHints":{"allow":["GET"]}}],"collection":[{"href":"https:\/\/agora.xtec.cat\/ieslajonquera\/wp-json\/wp\/v2\/posts"}],"about":[{"href":"https:\/\/agora.xtec.cat\/ieslajonquera\/wp-json\/wp\/v2\/types\/post"}],"author":[{"embeddable":true,"href":"https:\/\/agora.xtec.cat\/ieslajonquera\/wp-json\/wp\/v2\/users\/3"}],"replies":[{"embeddable":true,"href":"https:\/\/agora.xtec.cat\/ieslajonquera\/wp-json\/wp\/v2\/comments?post=4730"}],"version-history":[{"count":3,"href":"https:\/\/agora.xtec.cat\/ieslajonquera\/wp-json\/wp\/v2\/posts\/4730\/revisions"}],"predecessor-version":[{"id":4735,"href":"https:\/\/agora.xtec.cat\/ieslajonquera\/wp-json\/wp\/v2\/posts\/4730\/revisions\/4735"}],"wp:featuredmedia":[{"embeddable":true,"href":"https:\/\/agora.xtec.cat\/ieslajonquera\/wp-json\/wp\/v2\/media\/4731"}],"wp:attachment":[{"href":"https:\/\/agora.xtec.cat\/ieslajonquera\/wp-json\/wp\/v2\/media?parent=4730"}],"wp:term":[{"taxonomy":"category","embeddable":true,"href":"https:\/\/agora.xtec.cat\/ieslajonquera\/wp-json\/wp\/v2\/categories?post=4730"},{"taxonomy":"post_tag","embeddable":true,"href":"https:\/\/agora.xtec.cat\/ieslajonquera\/wp-json\/wp\/v2\/tags?post=4730"}],"curies":[{"name":"wp","href":"https:\/\/api.w.org\/{rel}","templated":true}]}}