{"id":4628,"date":"2023-03-31T18:00:45","date_gmt":"2023-03-31T16:00:45","guid":{"rendered":"https:\/\/agora.xtec.cat\/ieslajonquera\/?p=4628"},"modified":"2023-03-31T18:02:45","modified_gmt":"2023-03-31T16:02:45","slug":"tds-a-3r-deso-la-creativitat","status":"publish","type":"post","link":"https:\/\/agora.xtec.cat\/ieslajonquera\/general\/tds-a-3r-deso-la-creativitat\/","title":{"rendered":"TdS a 3r d&#8217;ESO: &#8220;La creativitat&#8221;"},"content":{"rendered":"<p style=\"text-align: justify;\">El Treball de S\u00edntesi de 3r d\u2019ESO \u201cLa creativitat\u201d ha tingut lloc la setmana del 27 al 31 de mar\u00e7.<\/p>\n<p style=\"text-align: justify;\">Al llarg de tota la setmana l\u2019alumnat ha fet activitats diverses: la <a href=\"https:\/\/drive.google.com\/drive\/folders\/1G8Aohp2ziNs013_lnsMnIMA5enZKI99q?usp=share_link\">sortida a Portlligat<\/a> per visitar la Casa Salvador Dal\u00ed, la participaci\u00f3 en nou tallers diferents (escriptura japonesa, escriptura autom\u00e0tica, Frida Kahlo, els sentits, imatge, el so de la m\u00fasica, papirofl\u00e8xia, t\u00e8cniques de creativitat, <em>Qui, que, quoi?<\/em>), l&#8217;elaboraci\u00f3 d&#8217;una <a href=\"https:\/\/drive.google.com\/drive\/folders\/1VuiSB0HE39uiYtfGqxTbgu0QXwUh5izm?usp=share_link\">llibreta de l&#8217;artista<\/a>, i la presentaci\u00f3 de la recreaci\u00f3 d&#8217;un quadre i del making of.<\/p>\n<p>La <a href=\"https:\/\/agora.xtec.cat\/ieslajonquera\/general\/visita-al-museu-teatre-dali\/\">visita al Museu Dal\u00ed<\/a> de principi de mes tamb\u00e9 formava part del TdS.<\/p>\n<p><a href=\"https:\/\/agora.xtec.cat\/ieslajonquera\/wp-content\/uploads\/usu2014\/2023\/03\/IMG-20230331-WA0003.jpg\"><img loading=\"lazy\" decoding=\"async\" class=\"size-medium wp-image-4665 alignleft\" src=\"https:\/\/agora.xtec.cat\/ieslajonquera\/wp-content\/uploads\/usu2014\/2023\/03\/IMG-20230331-WA0003-300x300.jpg\" alt=\"\" width=\"300\" height=\"300\" srcset=\"https:\/\/agora.xtec.cat\/ieslajonquera\/wp-content\/uploads\/usu2014\/2023\/03\/IMG-20230331-WA0003-300x300.jpg 300w, https:\/\/agora.xtec.cat\/ieslajonquera\/wp-content\/uploads\/usu2014\/2023\/03\/IMG-20230331-WA0003-1024x1024.jpg 1024w, https:\/\/agora.xtec.cat\/ieslajonquera\/wp-content\/uploads\/usu2014\/2023\/03\/IMG-20230331-WA0003-150x150.jpg 150w, https:\/\/agora.xtec.cat\/ieslajonquera\/wp-content\/uploads\/usu2014\/2023\/03\/IMG-20230331-WA0003-768x768.jpg 768w, https:\/\/agora.xtec.cat\/ieslajonquera\/wp-content\/uploads\/usu2014\/2023\/03\/IMG-20230331-WA0003-1536x1536.jpg 1536w, https:\/\/agora.xtec.cat\/ieslajonquera\/wp-content\/uploads\/usu2014\/2023\/03\/IMG-20230331-WA0003.jpg 2048w\" sizes=\"auto, (max-width: 300px) 100vw, 300px\" \/><\/a><a href=\"https:\/\/agora.xtec.cat\/ieslajonquera\/wp-content\/uploads\/usu2014\/2023\/03\/IMG-20230328-WA0000.jpg\"><img loading=\"lazy\" decoding=\"async\" class=\"size-medium wp-image-4664 alignleft\" src=\"https:\/\/agora.xtec.cat\/ieslajonquera\/wp-content\/uploads\/usu2014\/2023\/03\/IMG-20230328-WA0000-300x300.jpg\" alt=\"\" width=\"300\" height=\"300\" srcset=\"https:\/\/agora.xtec.cat\/ieslajonquera\/wp-content\/uploads\/usu2014\/2023\/03\/IMG-20230328-WA0000-300x300.jpg 300w, https:\/\/agora.xtec.cat\/ieslajonquera\/wp-content\/uploads\/usu2014\/2023\/03\/IMG-20230328-WA0000-1024x1024.jpg 1024w, https:\/\/agora.xtec.cat\/ieslajonquera\/wp-content\/uploads\/usu2014\/2023\/03\/IMG-20230328-WA0000-150x150.jpg 150w, https:\/\/agora.xtec.cat\/ieslajonquera\/wp-content\/uploads\/usu2014\/2023\/03\/IMG-20230328-WA0000-768x768.jpg 768w, https:\/\/agora.xtec.cat\/ieslajonquera\/wp-content\/uploads\/usu2014\/2023\/03\/IMG-20230328-WA0000-1536x1536.jpg 1536w, https:\/\/agora.xtec.cat\/ieslajonquera\/wp-content\/uploads\/usu2014\/2023\/03\/IMG-20230328-WA0000.jpg 2048w\" sizes=\"auto, (max-width: 300px) 100vw, 300px\" \/><\/a><\/p>\n<p>&nbsp;<\/p>\n","protected":false},"excerpt":{"rendered":"<p>El Treball de S\u00edntesi de 3r d\u2019ESO \u201cLa creativitat\u201d ha tingut lloc la setmana del 27 al 31 de mar\u00e7.<br \/>\nAl llarg de tota la setmana l\u2019alumnat ha fet activitats diverses: la <a href=\"https:\/\/drive.google.com\/drive\/folders\/1G8Aohp2ziNs013_lnsMnIMA5enZKI99q?usp=share_link\">sortida a Portlligat<\/a> per visitar la Casa Salvador Dal\u00ed, la participaci\u00f3 en nou&hellip;  <a href=\"https:\/\/agora.xtec.cat\/ieslajonquera\/general\/tds-a-3r-deso-la-creativitat\/\" title=\"Read TdS a 3r d&#8217;ESO: &#8220;La creativitat&#8221;\">Llegeix m\u00e9s\u00bb<\/a><\/p>\n","protected":false},"author":3,"featured_media":4664,"comment_status":"open","ping_status":"closed","sticky":false,"template":"","format":"standard","meta":{"_bbp_topic_count":0,"_bbp_reply_count":0,"_bbp_total_topic_count":0,"_bbp_total_reply_count":0,"_bbp_voice_count":0,"_bbp_anonymous_reply_count":0,"_bbp_topic_count_hidden":0,"_bbp_reply_count_hidden":0,"_bbp_forum_subforum_count":0,"footnotes":""},"categories":[6,3,1],"tags":[133,39],"class_list":["post-4628","post","type-post","status-publish","format-standard","has-post-thumbnail","hentry","category-eso-3","category-eso","category-general","tag-creativitat","tag-sortides"],"post_mailing_queue_ids":[],"_links":{"self":[{"href":"https:\/\/agora.xtec.cat\/ieslajonquera\/wp-json\/wp\/v2\/posts\/4628","targetHints":{"allow":["GET"]}}],"collection":[{"href":"https:\/\/agora.xtec.cat\/ieslajonquera\/wp-json\/wp\/v2\/posts"}],"about":[{"href":"https:\/\/agora.xtec.cat\/ieslajonquera\/wp-json\/wp\/v2\/types\/post"}],"author":[{"embeddable":true,"href":"https:\/\/agora.xtec.cat\/ieslajonquera\/wp-json\/wp\/v2\/users\/3"}],"replies":[{"embeddable":true,"href":"https:\/\/agora.xtec.cat\/ieslajonquera\/wp-json\/wp\/v2\/comments?post=4628"}],"version-history":[{"count":3,"href":"https:\/\/agora.xtec.cat\/ieslajonquera\/wp-json\/wp\/v2\/posts\/4628\/revisions"}],"predecessor-version":[{"id":4667,"href":"https:\/\/agora.xtec.cat\/ieslajonquera\/wp-json\/wp\/v2\/posts\/4628\/revisions\/4667"}],"wp:featuredmedia":[{"embeddable":true,"href":"https:\/\/agora.xtec.cat\/ieslajonquera\/wp-json\/wp\/v2\/media\/4664"}],"wp:attachment":[{"href":"https:\/\/agora.xtec.cat\/ieslajonquera\/wp-json\/wp\/v2\/media?parent=4628"}],"wp:term":[{"taxonomy":"category","embeddable":true,"href":"https:\/\/agora.xtec.cat\/ieslajonquera\/wp-json\/wp\/v2\/categories?post=4628"},{"taxonomy":"post_tag","embeddable":true,"href":"https:\/\/agora.xtec.cat\/ieslajonquera\/wp-json\/wp\/v2\/tags?post=4628"}],"curies":[{"name":"wp","href":"https:\/\/api.w.org\/{rel}","templated":true}]}}