{"id":4626,"date":"2023-03-31T17:49:04","date_gmt":"2023-03-31T15:49:04","guid":{"rendered":"https:\/\/agora.xtec.cat\/ieslajonquera\/?p=4626"},"modified":"2023-03-31T17:52:27","modified_gmt":"2023-03-31T15:52:27","slug":"tds-2n-deso-coneguem-les-salines","status":"publish","type":"post","link":"https:\/\/agora.xtec.cat\/ieslajonquera\/general\/tds-2n-deso-coneguem-les-salines\/","title":{"rendered":"TdS 2n d&#8217;ESO: &#8220;Coneguem les Salines&#8221;"},"content":{"rendered":"<p style=\"text-align: justify;\">El Treball de S\u00edntesi de 2n d\u2019ESO \u201cConeguem les Salines\u201d ha tingut lloc la setmana del 27 al 31 de mar\u00e7.<\/p>\n<p style=\"text-align: justify;\">Al llarg de tota la setmana l\u2019alumnat ha fet <a href=\"https:\/\/drive.google.com\/drive\/folders\/1EpSHZks1ZzAnf_zyNNP-j5cTTRNuObbO?usp=share_link\">activitats diverses<\/a>: les rutes la Jonquera &#8211; l&#8217;Estrada i l&#8217;Estrada &#8211; Agullana; la pernoctaci\u00f3 a Agullana; la visita d&#8217;un menhir, l&#8217;explicaci\u00f3 sobre diversos temes i espais com ara el cementiri, el corredor biol\u00f2gic, la contaminaci\u00f3 ac\u00fastica, el TGV, etc., la visita al taller de l&#8217;artista Antoni Federico; l&#8217;explicaci\u00f3 sobre sistemes de reg, molins i ponts de l&#8217;Enric Tubert; la gimcana a Agullana a c\u00e0rrec d&#8217;alguns alumnes de 4t del servei Comunitari; la xerrada de l&#8217;Enric Tubert &#8220;Agullana, de la prehist\u00f2ria al modernisme&#8221;, l&#8217;entrevista a diferents agullanencs i agullanenques, i l&#8217;elaboraci\u00f3 d&#8217;un v\u00eddeo de l&#8217;estil del programa de TV3 &#8220;El foraster&#8221;.<\/p>\n<p><a href=\"https:\/\/agora.xtec.cat\/ieslajonquera\/wp-content\/uploads\/usu2014\/2023\/03\/Screenshot_20230331_174458_Gallery.jpg\"><img loading=\"lazy\" decoding=\"async\" class=\"size-medium wp-image-4659 alignleft\" src=\"https:\/\/agora.xtec.cat\/ieslajonquera\/wp-content\/uploads\/usu2014\/2023\/03\/Screenshot_20230331_174458_Gallery-300x225.jpg\" alt=\"\" width=\"300\" height=\"225\" srcset=\"https:\/\/agora.xtec.cat\/ieslajonquera\/wp-content\/uploads\/usu2014\/2023\/03\/Screenshot_20230331_174458_Gallery-300x225.jpg 300w, https:\/\/agora.xtec.cat\/ieslajonquera\/wp-content\/uploads\/usu2014\/2023\/03\/Screenshot_20230331_174458_Gallery-1024x768.jpg 1024w, https:\/\/agora.xtec.cat\/ieslajonquera\/wp-content\/uploads\/usu2014\/2023\/03\/Screenshot_20230331_174458_Gallery-768x576.jpg 768w, https:\/\/agora.xtec.cat\/ieslajonquera\/wp-content\/uploads\/usu2014\/2023\/03\/Screenshot_20230331_174458_Gallery-200x150.jpg 200w, https:\/\/agora.xtec.cat\/ieslajonquera\/wp-content\/uploads\/usu2014\/2023\/03\/Screenshot_20230331_174458_Gallery.jpg 1079w\" sizes=\"auto, (max-width: 300px) 100vw, 300px\" \/><\/a><a href=\"https:\/\/agora.xtec.cat\/ieslajonquera\/wp-content\/uploads\/usu2014\/2023\/03\/IMG-20230328-WA0018.jpg\"><img loading=\"lazy\" decoding=\"async\" class=\"size-medium wp-image-4661 alignleft\" src=\"https:\/\/agora.xtec.cat\/ieslajonquera\/wp-content\/uploads\/usu2014\/2023\/03\/IMG-20230328-WA0018-300x225.jpg\" alt=\"\" width=\"300\" height=\"225\" srcset=\"https:\/\/agora.xtec.cat\/ieslajonquera\/wp-content\/uploads\/usu2014\/2023\/03\/IMG-20230328-WA0018-300x225.jpg 300w, https:\/\/agora.xtec.cat\/ieslajonquera\/wp-content\/uploads\/usu2014\/2023\/03\/IMG-20230328-WA0018-1024x768.jpg 1024w, https:\/\/agora.xtec.cat\/ieslajonquera\/wp-content\/uploads\/usu2014\/2023\/03\/IMG-20230328-WA0018-768x576.jpg 768w, https:\/\/agora.xtec.cat\/ieslajonquera\/wp-content\/uploads\/usu2014\/2023\/03\/IMG-20230328-WA0018-1536x1152.jpg 1536w, https:\/\/agora.xtec.cat\/ieslajonquera\/wp-content\/uploads\/usu2014\/2023\/03\/IMG-20230328-WA0018-200x150.jpg 200w, https:\/\/agora.xtec.cat\/ieslajonquera\/wp-content\/uploads\/usu2014\/2023\/03\/IMG-20230328-WA0018.jpg 1600w\" sizes=\"auto, (max-width: 300px) 100vw, 300px\" \/><\/a><a href=\"https:\/\/agora.xtec.cat\/ieslajonquera\/wp-content\/uploads\/usu2014\/2023\/03\/IMG-20230328-WA0015.jpg\"><img loading=\"lazy\" decoding=\"async\" class=\"size-medium wp-image-4660 alignleft\" src=\"https:\/\/agora.xtec.cat\/ieslajonquera\/wp-content\/uploads\/usu2014\/2023\/03\/IMG-20230328-WA0015-300x225.jpg\" alt=\"\" width=\"300\" height=\"225\" srcset=\"https:\/\/agora.xtec.cat\/ieslajonquera\/wp-content\/uploads\/usu2014\/2023\/03\/IMG-20230328-WA0015-300x225.jpg 300w, https:\/\/agora.xtec.cat\/ieslajonquera\/wp-content\/uploads\/usu2014\/2023\/03\/IMG-20230328-WA0015-1024x768.jpg 1024w, https:\/\/agora.xtec.cat\/ieslajonquera\/wp-content\/uploads\/usu2014\/2023\/03\/IMG-20230328-WA0015-768x576.jpg 768w, https:\/\/agora.xtec.cat\/ieslajonquera\/wp-content\/uploads\/usu2014\/2023\/03\/IMG-20230328-WA0015-1536x1152.jpg 1536w, https:\/\/agora.xtec.cat\/ieslajonquera\/wp-content\/uploads\/usu2014\/2023\/03\/IMG-20230328-WA0015-200x150.jpg 200w, https:\/\/agora.xtec.cat\/ieslajonquera\/wp-content\/uploads\/usu2014\/2023\/03\/IMG-20230328-WA0015.jpg 2048w\" sizes=\"auto, (max-width: 300px) 100vw, 300px\" \/><\/a><\/p>\n","protected":false},"excerpt":{"rendered":"<p>El Treball de S\u00edntesi de 2n d\u2019ESO \u201cConeguem les Salines\u201d ha tingut lloc la setmana del 27 al 31 de mar\u00e7.<br \/>\nAl llarg de tota la setmana l\u2019alumnat ha fet <a href=\"https:\/\/drive.google.com\/drive\/folders\/1EpSHZks1ZzAnf_zyNNP-j5cTTRNuObbO?usp=share_link\">activitats diverses<\/a>: les rutes la Jonquera &#8211; l&#8217;Estrada i l&#8217;Estrada &#8211; Agullana; la pernoctaci\u00f3 a&hellip;  <a href=\"https:\/\/agora.xtec.cat\/ieslajonquera\/general\/tds-2n-deso-coneguem-les-salines\/\" title=\"Read TdS 2n d&#8217;ESO: &#8220;Coneguem les Salines&#8221;\">Llegeix m\u00e9s\u00bb<\/a><\/p>\n","protected":false},"author":3,"featured_media":4659,"comment_status":"open","ping_status":"closed","sticky":false,"template":"","format":"standard","meta":{"_bbp_topic_count":0,"_bbp_reply_count":0,"_bbp_total_topic_count":0,"_bbp_total_reply_count":0,"_bbp_voice_count":0,"_bbp_anonymous_reply_count":0,"_bbp_topic_count_hidden":0,"_bbp_reply_count_hidden":0,"_bbp_forum_subforum_count":0,"footnotes":""},"categories":[5,3,1],"tags":[120,39],"class_list":["post-4626","post","type-post","status-publish","format-standard","has-post-thumbnail","hentry","category-eso-2","category-eso","category-general","tag-convivencia","tag-sortides"],"post_mailing_queue_ids":[],"_links":{"self":[{"href":"https:\/\/agora.xtec.cat\/ieslajonquera\/wp-json\/wp\/v2\/posts\/4626","targetHints":{"allow":["GET"]}}],"collection":[{"href":"https:\/\/agora.xtec.cat\/ieslajonquera\/wp-json\/wp\/v2\/posts"}],"about":[{"href":"https:\/\/agora.xtec.cat\/ieslajonquera\/wp-json\/wp\/v2\/types\/post"}],"author":[{"embeddable":true,"href":"https:\/\/agora.xtec.cat\/ieslajonquera\/wp-json\/wp\/v2\/users\/3"}],"replies":[{"embeddable":true,"href":"https:\/\/agora.xtec.cat\/ieslajonquera\/wp-json\/wp\/v2\/comments?post=4626"}],"version-history":[{"count":3,"href":"https:\/\/agora.xtec.cat\/ieslajonquera\/wp-json\/wp\/v2\/posts\/4626\/revisions"}],"predecessor-version":[{"id":4663,"href":"https:\/\/agora.xtec.cat\/ieslajonquera\/wp-json\/wp\/v2\/posts\/4626\/revisions\/4663"}],"wp:featuredmedia":[{"embeddable":true,"href":"https:\/\/agora.xtec.cat\/ieslajonquera\/wp-json\/wp\/v2\/media\/4659"}],"wp:attachment":[{"href":"https:\/\/agora.xtec.cat\/ieslajonquera\/wp-json\/wp\/v2\/media?parent=4626"}],"wp:term":[{"taxonomy":"category","embeddable":true,"href":"https:\/\/agora.xtec.cat\/ieslajonquera\/wp-json\/wp\/v2\/categories?post=4626"},{"taxonomy":"post_tag","embeddable":true,"href":"https:\/\/agora.xtec.cat\/ieslajonquera\/wp-json\/wp\/v2\/tags?post=4626"}],"curies":[{"name":"wp","href":"https:\/\/api.w.org\/{rel}","templated":true}]}}