{"id":4624,"date":"2023-03-31T17:35:31","date_gmt":"2023-03-31T15:35:31","guid":{"rendered":"https:\/\/agora.xtec.cat\/ieslajonquera\/?p=4624"},"modified":"2023-03-31T17:35:59","modified_gmt":"2023-03-31T15:35:59","slug":"tds-a-1r-deso-descoberta-de-lalbera","status":"publish","type":"post","link":"https:\/\/agora.xtec.cat\/ieslajonquera\/general\/tds-a-1r-deso-descoberta-de-lalbera\/","title":{"rendered":"TdS a 1r d&#8217;ESO: &#8220;Descoberta de l&#8217;Albera&#8221;"},"content":{"rendered":"<p style=\"text-align: justify;\">El Treball de S\u00edntesi de 1r d&#8217;ESO &#8220;Descoberta de l&#8217;Albera&#8221; ha tingut lloc la setmana del 27 al 31 de mar\u00e7.<\/p>\n<p style=\"text-align: justify;\">Al llarg de tota la setmana l&#8217;alumnat ha fet activitats diverses: les xerrades d&#8217;en Ferran del Campo, historidor i bi\u00f2leg, i en F\u00e8lix Carreras, bomber retirat; el visionat del programa &#8220;<a href=\"https:\/\/www.rtve.es\/play\/videos\/perduts-en-el-temps\/castell-pellicula\/6006962\/\">Perduts en el temps. Un castell de pel\u00b7l\u00edcula<\/a>&#8220;, la visita al Centre d&#8217;Interpretaci\u00f3 de l&#8217;Albera, l&#8217;<a href=\"https:\/\/drive.google.com\/drive\/folders\/1H1g_XF64yd_OFLh-JwX4h2gAaSewKArG?usp=share_link\">excursi\u00f3 a Requesens<\/a> amb pernoctaci\u00f3 per visitar, entre altres llocs, el castell i les restes de l&#8217;avi\u00f3 estavellat l&#8217;any 1986; la fabricaci\u00f3 i elaboraci\u00f3 d&#8217;un quadern de camp; la construcci\u00f3 de <a href=\"https:\/\/drive.google.com\/drive\/folders\/1k6ORejBTmgIVR9G294gLuZPq9_W2oylx?usp=share_link\">jocs de taula<\/a> relacionats amb la tem\u00e0tica, i la presentaci\u00f3 d&#8217;aquests a davant d&#8217;un tribunal.<\/p>\n<p style=\"text-align: justify;\"><a href=\"https:\/\/agora.xtec.cat\/ieslajonquera\/wp-content\/uploads\/usu2014\/2023\/03\/20230330_1346471.jpg\"><img loading=\"lazy\" decoding=\"async\" class=\"size-medium wp-image-4654 alignleft\" src=\"https:\/\/agora.xtec.cat\/ieslajonquera\/wp-content\/uploads\/usu2014\/2023\/03\/20230330_1346471-300x225.jpg\" alt=\"\" width=\"300\" height=\"225\" srcset=\"https:\/\/agora.xtec.cat\/ieslajonquera\/wp-content\/uploads\/usu2014\/2023\/03\/20230330_1346471-300x225.jpg 300w, https:\/\/agora.xtec.cat\/ieslajonquera\/wp-content\/uploads\/usu2014\/2023\/03\/20230330_1346471-768x576.jpg 768w, https:\/\/agora.xtec.cat\/ieslajonquera\/wp-content\/uploads\/usu2014\/2023\/03\/20230330_1346471-200x150.jpg 200w, https:\/\/agora.xtec.cat\/ieslajonquera\/wp-content\/uploads\/usu2014\/2023\/03\/20230330_1346471.jpg 1024w\" sizes=\"auto, (max-width: 300px) 100vw, 300px\" \/><\/a><a href=\"https:\/\/agora.xtec.cat\/ieslajonquera\/wp-content\/uploads\/usu2014\/2023\/03\/20230331_1238001-rotated.jpg\"><img loading=\"lazy\" decoding=\"async\" class=\"alignleft wp-image-4653 size-medium\" src=\"https:\/\/agora.xtec.cat\/ieslajonquera\/wp-content\/uploads\/usu2014\/2023\/03\/20230331_1238001-rotated-e1680276406843-300x298.jpg\" alt=\"\" width=\"300\" height=\"298\" srcset=\"https:\/\/agora.xtec.cat\/ieslajonquera\/wp-content\/uploads\/usu2014\/2023\/03\/20230331_1238001-rotated-e1680276406843-300x298.jpg 300w, https:\/\/agora.xtec.cat\/ieslajonquera\/wp-content\/uploads\/usu2014\/2023\/03\/20230331_1238001-rotated-e1680276406843-150x150.jpg 150w, https:\/\/agora.xtec.cat\/ieslajonquera\/wp-content\/uploads\/usu2014\/2023\/03\/20230331_1238001-rotated-e1680276406843.jpg 768w\" sizes=\"auto, (max-width: 300px) 100vw, 300px\" \/><\/a><a href=\"https:\/\/agora.xtec.cat\/ieslajonquera\/wp-content\/uploads\/usu2014\/2023\/03\/20230331_1231211-rotated.jpg\"><img loading=\"lazy\" decoding=\"async\" class=\"alignleft wp-image-4656 size-medium\" src=\"https:\/\/agora.xtec.cat\/ieslajonquera\/wp-content\/uploads\/usu2014\/2023\/03\/20230331_1231211-rotated-e1680276890457-239x300.jpg\" alt=\"\" width=\"239\" height=\"300\" srcset=\"https:\/\/agora.xtec.cat\/ieslajonquera\/wp-content\/uploads\/usu2014\/2023\/03\/20230331_1231211-rotated-e1680276890457-239x300.jpg 239w, https:\/\/agora.xtec.cat\/ieslajonquera\/wp-content\/uploads\/usu2014\/2023\/03\/20230331_1231211-rotated-e1680276890457.jpg 747w\" sizes=\"auto, (max-width: 239px) 100vw, 239px\" \/><\/a><a href=\"https:\/\/agora.xtec.cat\/ieslajonquera\/wp-content\/uploads\/usu2014\/2023\/03\/Screenshot_20230331_173139_Gallery.jpg\"><img loading=\"lazy\" decoding=\"async\" class=\"size-medium wp-image-4655 alignleft\" src=\"https:\/\/agora.xtec.cat\/ieslajonquera\/wp-content\/uploads\/usu2014\/2023\/03\/Screenshot_20230331_173139_Gallery-300x224.jpg\" alt=\"\" width=\"300\" height=\"224\" srcset=\"https:\/\/agora.xtec.cat\/ieslajonquera\/wp-content\/uploads\/usu2014\/2023\/03\/Screenshot_20230331_173139_Gallery-300x224.jpg 300w, https:\/\/agora.xtec.cat\/ieslajonquera\/wp-content\/uploads\/usu2014\/2023\/03\/Screenshot_20230331_173139_Gallery-1024x765.jpg 1024w, https:\/\/agora.xtec.cat\/ieslajonquera\/wp-content\/uploads\/usu2014\/2023\/03\/Screenshot_20230331_173139_Gallery-768x574.jpg 768w, https:\/\/agora.xtec.cat\/ieslajonquera\/wp-content\/uploads\/usu2014\/2023\/03\/Screenshot_20230331_173139_Gallery-200x150.jpg 200w, https:\/\/agora.xtec.cat\/ieslajonquera\/wp-content\/uploads\/usu2014\/2023\/03\/Screenshot_20230331_173139_Gallery.jpg 1080w\" sizes=\"auto, (max-width: 300px) 100vw, 300px\" \/><\/a><\/p>\n","protected":false},"excerpt":{"rendered":"<p>El Treball de S\u00edntesi de 1r d&#8217;ESO &#8220;Descoberta de l&#8217;Albera&#8221; ha tingut lloc la setmana del 27 al 31 de mar\u00e7.<br \/>\nAl llarg de tota la setmana l&#8217;alumnat ha fet activitats diverses: les xerrades d&#8217;en Ferran del Campo, historidor i bi\u00f2leg, i en F\u00e8lix Carreras, bomber&hellip;  <a href=\"https:\/\/agora.xtec.cat\/ieslajonquera\/general\/tds-a-1r-deso-descoberta-de-lalbera\/\" title=\"Read TdS a 1r d&#8217;ESO: &#8220;Descoberta de l&#8217;Albera&#8221;\">Llegeix m\u00e9s\u00bb<\/a><\/p>\n","protected":false},"author":3,"featured_media":4655,"comment_status":"open","ping_status":"closed","sticky":false,"template":"","format":"standard","meta":{"_bbp_topic_count":0,"_bbp_reply_count":0,"_bbp_total_topic_count":0,"_bbp_total_reply_count":0,"_bbp_voice_count":0,"_bbp_anonymous_reply_count":0,"_bbp_topic_count_hidden":0,"_bbp_reply_count_hidden":0,"_bbp_forum_subforum_count":0,"footnotes":""},"categories":[4,3,1],"tags":[120,39],"class_list":["post-4624","post","type-post","status-publish","format-standard","has-post-thumbnail","hentry","category-eso-1","category-eso","category-general","tag-convivencia","tag-sortides"],"post_mailing_queue_ids":[],"_links":{"self":[{"href":"https:\/\/agora.xtec.cat\/ieslajonquera\/wp-json\/wp\/v2\/posts\/4624","targetHints":{"allow":["GET"]}}],"collection":[{"href":"https:\/\/agora.xtec.cat\/ieslajonquera\/wp-json\/wp\/v2\/posts"}],"about":[{"href":"https:\/\/agora.xtec.cat\/ieslajonquera\/wp-json\/wp\/v2\/types\/post"}],"author":[{"embeddable":true,"href":"https:\/\/agora.xtec.cat\/ieslajonquera\/wp-json\/wp\/v2\/users\/3"}],"replies":[{"embeddable":true,"href":"https:\/\/agora.xtec.cat\/ieslajonquera\/wp-json\/wp\/v2\/comments?post=4624"}],"version-history":[{"count":2,"href":"https:\/\/agora.xtec.cat\/ieslajonquera\/wp-json\/wp\/v2\/posts\/4624\/revisions"}],"predecessor-version":[{"id":4657,"href":"https:\/\/agora.xtec.cat\/ieslajonquera\/wp-json\/wp\/v2\/posts\/4624\/revisions\/4657"}],"wp:featuredmedia":[{"embeddable":true,"href":"https:\/\/agora.xtec.cat\/ieslajonquera\/wp-json\/wp\/v2\/media\/4655"}],"wp:attachment":[{"href":"https:\/\/agora.xtec.cat\/ieslajonquera\/wp-json\/wp\/v2\/media?parent=4624"}],"wp:term":[{"taxonomy":"category","embeddable":true,"href":"https:\/\/agora.xtec.cat\/ieslajonquera\/wp-json\/wp\/v2\/categories?post=4624"},{"taxonomy":"post_tag","embeddable":true,"href":"https:\/\/agora.xtec.cat\/ieslajonquera\/wp-json\/wp\/v2\/tags?post=4624"}],"curies":[{"name":"wp","href":"https:\/\/api.w.org\/{rel}","templated":true}]}}