{"id":4597,"date":"2023-03-26T17:02:30","date_gmt":"2023-03-26T15:02:30","guid":{"rendered":"https:\/\/agora.xtec.cat\/ieslajonquera\/?p=4597"},"modified":"2023-03-26T17:02:30","modified_gmt":"2023-03-26T15:02:30","slug":"propostes-de-millora-pel-poble-a-la-materia-de-projectes","status":"publish","type":"post","link":"https:\/\/agora.xtec.cat\/ieslajonquera\/general\/propostes-de-millora-pel-poble-a-la-materia-de-projectes\/","title":{"rendered":"Propostes de millora pel poble a la mat\u00e8ria de Projectes"},"content":{"rendered":"<p>L&#8217;alumnat de 1r d&#8217;ESO est\u00e0 treballant a la mat\u00e8ria de Projectes l&#8217;entorn immediat. Despr\u00e9s d&#8217;estudiar els \u00f2rgans de govern municipal i les seves funcions, i de visitar l&#8217;Ajuntament de la Jonquera, han constru\u00eft maquetes amb propstes de millora pel poble.<\/p>\n<p><a href=\"https:\/\/agora.xtec.cat\/ieslajonquera\/wp-content\/uploads\/usu2014\/2023\/03\/IMG-20230316-WA0010.jpg\"><img loading=\"lazy\" decoding=\"async\" class=\" wp-image-4600 alignleft\" src=\"https:\/\/agora.xtec.cat\/ieslajonquera\/wp-content\/uploads\/usu2014\/2023\/03\/IMG-20230316-WA0010-300x225.jpg\" alt=\"\" width=\"219\" height=\"164\" srcset=\"https:\/\/agora.xtec.cat\/ieslajonquera\/wp-content\/uploads\/usu2014\/2023\/03\/IMG-20230316-WA0010-300x225.jpg 300w, https:\/\/agora.xtec.cat\/ieslajonquera\/wp-content\/uploads\/usu2014\/2023\/03\/IMG-20230316-WA0010-1024x768.jpg 1024w, https:\/\/agora.xtec.cat\/ieslajonquera\/wp-content\/uploads\/usu2014\/2023\/03\/IMG-20230316-WA0010-768x576.jpg 768w, https:\/\/agora.xtec.cat\/ieslajonquera\/wp-content\/uploads\/usu2014\/2023\/03\/IMG-20230316-WA0010-1536x1152.jpg 1536w, https:\/\/agora.xtec.cat\/ieslajonquera\/wp-content\/uploads\/usu2014\/2023\/03\/IMG-20230316-WA0010-200x150.jpg 200w, https:\/\/agora.xtec.cat\/ieslajonquera\/wp-content\/uploads\/usu2014\/2023\/03\/IMG-20230316-WA0010.jpg 2000w\" sizes=\"auto, (max-width: 219px) 100vw, 219px\" \/><\/a><a href=\"https:\/\/agora.xtec.cat\/ieslajonquera\/wp-content\/uploads\/usu2014\/2023\/03\/IMG-20230316-WA0011.jpg\"><img loading=\"lazy\" decoding=\"async\" class=\" wp-image-4601 alignleft\" src=\"https:\/\/agora.xtec.cat\/ieslajonquera\/wp-content\/uploads\/usu2014\/2023\/03\/IMG-20230316-WA0011-300x225.jpg\" alt=\"\" width=\"220\" height=\"165\" srcset=\"https:\/\/agora.xtec.cat\/ieslajonquera\/wp-content\/uploads\/usu2014\/2023\/03\/IMG-20230316-WA0011-300x225.jpg 300w, https:\/\/agora.xtec.cat\/ieslajonquera\/wp-content\/uploads\/usu2014\/2023\/03\/IMG-20230316-WA0011-1024x768.jpg 1024w, https:\/\/agora.xtec.cat\/ieslajonquera\/wp-content\/uploads\/usu2014\/2023\/03\/IMG-20230316-WA0011-768x576.jpg 768w, https:\/\/agora.xtec.cat\/ieslajonquera\/wp-content\/uploads\/usu2014\/2023\/03\/IMG-20230316-WA0011-1536x1152.jpg 1536w, https:\/\/agora.xtec.cat\/ieslajonquera\/wp-content\/uploads\/usu2014\/2023\/03\/IMG-20230316-WA0011-200x150.jpg 200w, https:\/\/agora.xtec.cat\/ieslajonquera\/wp-content\/uploads\/usu2014\/2023\/03\/IMG-20230316-WA0011.jpg 2000w\" sizes=\"auto, (max-width: 220px) 100vw, 220px\" \/><\/a><a href=\"https:\/\/agora.xtec.cat\/ieslajonquera\/wp-content\/uploads\/usu2014\/2023\/03\/IMG-20230316-WA0012.jpg\"><img loading=\"lazy\" decoding=\"async\" class=\" wp-image-4605 alignleft\" src=\"https:\/\/agora.xtec.cat\/ieslajonquera\/wp-content\/uploads\/usu2014\/2023\/03\/IMG-20230316-WA0012-300x225.jpg\" alt=\"\" width=\"220\" height=\"165\" srcset=\"https:\/\/agora.xtec.cat\/ieslajonquera\/wp-content\/uploads\/usu2014\/2023\/03\/IMG-20230316-WA0012-300x225.jpg 300w, https:\/\/agora.xtec.cat\/ieslajonquera\/wp-content\/uploads\/usu2014\/2023\/03\/IMG-20230316-WA0012-1024x768.jpg 1024w, https:\/\/agora.xtec.cat\/ieslajonquera\/wp-content\/uploads\/usu2014\/2023\/03\/IMG-20230316-WA0012-768x576.jpg 768w, https:\/\/agora.xtec.cat\/ieslajonquera\/wp-content\/uploads\/usu2014\/2023\/03\/IMG-20230316-WA0012-1536x1152.jpg 1536w, https:\/\/agora.xtec.cat\/ieslajonquera\/wp-content\/uploads\/usu2014\/2023\/03\/IMG-20230316-WA0012-200x150.jpg 200w, https:\/\/agora.xtec.cat\/ieslajonquera\/wp-content\/uploads\/usu2014\/2023\/03\/IMG-20230316-WA0012.jpg 2000w\" sizes=\"auto, (max-width: 220px) 100vw, 220px\" \/><\/a><a href=\"https:\/\/agora.xtec.cat\/ieslajonquera\/wp-content\/uploads\/usu2014\/2023\/03\/IMG-20230316-WA0013.jpg\"><img loading=\"lazy\" decoding=\"async\" class=\" wp-image-4603 alignleft\" src=\"https:\/\/agora.xtec.cat\/ieslajonquera\/wp-content\/uploads\/usu2014\/2023\/03\/IMG-20230316-WA0013-225x300.jpg\" alt=\"\" width=\"185\" height=\"247\" srcset=\"https:\/\/agora.xtec.cat\/ieslajonquera\/wp-content\/uploads\/usu2014\/2023\/03\/IMG-20230316-WA0013-225x300.jpg 225w, https:\/\/agora.xtec.cat\/ieslajonquera\/wp-content\/uploads\/usu2014\/2023\/03\/IMG-20230316-WA0013-768x1024.jpg 768w, https:\/\/agora.xtec.cat\/ieslajonquera\/wp-content\/uploads\/usu2014\/2023\/03\/IMG-20230316-WA0013-1152x1536.jpg 1152w, https:\/\/agora.xtec.cat\/ieslajonquera\/wp-content\/uploads\/usu2014\/2023\/03\/IMG-20230316-WA0013.jpg 1500w\" sizes=\"auto, (max-width: 185px) 100vw, 185px\" \/><\/a><a href=\"https:\/\/agora.xtec.cat\/ieslajonquera\/wp-content\/uploads\/usu2014\/2023\/03\/IMG-20230316-WA0014.jpg\"><img loading=\"lazy\" decoding=\"async\" class=\" wp-image-4602 alignleft\" src=\"https:\/\/agora.xtec.cat\/ieslajonquera\/wp-content\/uploads\/usu2014\/2023\/03\/IMG-20230316-WA0014-300x225.jpg\" alt=\"\" width=\"218\" height=\"163\" srcset=\"https:\/\/agora.xtec.cat\/ieslajonquera\/wp-content\/uploads\/usu2014\/2023\/03\/IMG-20230316-WA0014-300x225.jpg 300w, https:\/\/agora.xtec.cat\/ieslajonquera\/wp-content\/uploads\/usu2014\/2023\/03\/IMG-20230316-WA0014-1024x768.jpg 1024w, https:\/\/agora.xtec.cat\/ieslajonquera\/wp-content\/uploads\/usu2014\/2023\/03\/IMG-20230316-WA0014-768x576.jpg 768w, https:\/\/agora.xtec.cat\/ieslajonquera\/wp-content\/uploads\/usu2014\/2023\/03\/IMG-20230316-WA0014-1536x1152.jpg 1536w, https:\/\/agora.xtec.cat\/ieslajonquera\/wp-content\/uploads\/usu2014\/2023\/03\/IMG-20230316-WA0014-200x150.jpg 200w, https:\/\/agora.xtec.cat\/ieslajonquera\/wp-content\/uploads\/usu2014\/2023\/03\/IMG-20230316-WA0014.jpg 2000w\" sizes=\"auto, (max-width: 218px) 100vw, 218px\" \/><\/a><a href=\"https:\/\/agora.xtec.cat\/ieslajonquera\/wp-content\/uploads\/usu2014\/2023\/03\/IMG-20230316-WA0009.jpg\"><img loading=\"lazy\" decoding=\"async\" class=\" wp-image-4599 alignleft\" src=\"https:\/\/agora.xtec.cat\/ieslajonquera\/wp-content\/uploads\/usu2014\/2023\/03\/IMG-20230316-WA0009-300x225.jpg\" alt=\"\" width=\"220\" height=\"165\" srcset=\"https:\/\/agora.xtec.cat\/ieslajonquera\/wp-content\/uploads\/usu2014\/2023\/03\/IMG-20230316-WA0009-300x225.jpg 300w, https:\/\/agora.xtec.cat\/ieslajonquera\/wp-content\/uploads\/usu2014\/2023\/03\/IMG-20230316-WA0009-1024x768.jpg 1024w, https:\/\/agora.xtec.cat\/ieslajonquera\/wp-content\/uploads\/usu2014\/2023\/03\/IMG-20230316-WA0009-768x576.jpg 768w, https:\/\/agora.xtec.cat\/ieslajonquera\/wp-content\/uploads\/usu2014\/2023\/03\/IMG-20230316-WA0009-1536x1152.jpg 1536w, https:\/\/agora.xtec.cat\/ieslajonquera\/wp-content\/uploads\/usu2014\/2023\/03\/IMG-20230316-WA0009-200x150.jpg 200w, https:\/\/agora.xtec.cat\/ieslajonquera\/wp-content\/uploads\/usu2014\/2023\/03\/IMG-20230316-WA0009.jpg 2000w\" sizes=\"auto, (max-width: 220px) 100vw, 220px\" \/><\/a><\/p>\n","protected":false},"excerpt":{"rendered":"<p>L&#8217;alumnat de 1r d&#8217;ESO est\u00e0 treballant a la mat\u00e8ria de Projectes l&#8217;entorn immediat. Despr\u00e9s d&#8217;estudiar els \u00f2rgans de govern municipal i les seves funcions, i de visitar l&#8217;Ajuntament de la Jonquera, han constru\u00eft maquetes amb propstes de millora pel poble.<br \/>\n<a href=\"https:\/\/agora.xtec.cat\/ieslajonquera\/wp-content\/uploads\/usu2014\/2023\/03\/IMG-20230316-WA0010.jpg\"><\/a><a href=\"https:\/\/agora.xtec.cat\/ieslajonquera\/wp-content\/uploads\/usu2014\/2023\/03\/IMG-20230316-WA0011.jpg\"><\/a><a href=\"https:\/\/agora.xtec.cat\/ieslajonquera\/wp-content\/uploads\/usu2014\/2023\/03\/IMG-20230316-WA0012.jpg\"><\/a><a href=\"https:\/\/agora.xtec.cat\/ieslajonquera\/wp-content\/uploads\/usu2014\/2023\/03\/IMG-20230316-WA0013.jpg\"><\/a><a href=\"https:\/\/agora.xtec.cat\/ieslajonquera\/wp-content\/uploads\/usu2014\/2023\/03\/IMG-20230316-WA0014.jpg\"><\/a><a&hellip;  <a href=\"https:\/\/agora.xtec.cat\/ieslajonquera\/general\/propostes-de-millora-pel-poble-a-la-materia-de-projectes\/\" title=\"Read Propostes de millora pel poble a la mat\u00e8ria de Projectes\">Llegeix m\u00e9s\u00bb<\/a><\/p>\n","protected":false},"author":3,"featured_media":4599,"comment_status":"open","ping_status":"closed","sticky":false,"template":"","format":"standard","meta":{"_bbp_topic_count":0,"_bbp_reply_count":0,"_bbp_total_topic_count":0,"_bbp_total_reply_count":0,"_bbp_voice_count":0,"_bbp_anonymous_reply_count":0,"_bbp_topic_count_hidden":0,"_bbp_reply_count_hidden":0,"_bbp_forum_subforum_count":0,"footnotes":""},"categories":[4,3,1],"tags":[133,132],"class_list":["post-4597","post","type-post","status-publish","format-standard","has-post-thumbnail","hentry","category-eso-1","category-eso","category-general","tag-creativitat","tag-projectes"],"post_mailing_queue_ids":[],"_links":{"self":[{"href":"https:\/\/agora.xtec.cat\/ieslajonquera\/wp-json\/wp\/v2\/posts\/4597","targetHints":{"allow":["GET"]}}],"collection":[{"href":"https:\/\/agora.xtec.cat\/ieslajonquera\/wp-json\/wp\/v2\/posts"}],"about":[{"href":"https:\/\/agora.xtec.cat\/ieslajonquera\/wp-json\/wp\/v2\/types\/post"}],"author":[{"embeddable":true,"href":"https:\/\/agora.xtec.cat\/ieslajonquera\/wp-json\/wp\/v2\/users\/3"}],"replies":[{"embeddable":true,"href":"https:\/\/agora.xtec.cat\/ieslajonquera\/wp-json\/wp\/v2\/comments?post=4597"}],"version-history":[{"count":2,"href":"https:\/\/agora.xtec.cat\/ieslajonquera\/wp-json\/wp\/v2\/posts\/4597\/revisions"}],"predecessor-version":[{"id":4606,"href":"https:\/\/agora.xtec.cat\/ieslajonquera\/wp-json\/wp\/v2\/posts\/4597\/revisions\/4606"}],"wp:featuredmedia":[{"embeddable":true,"href":"https:\/\/agora.xtec.cat\/ieslajonquera\/wp-json\/wp\/v2\/media\/4599"}],"wp:attachment":[{"href":"https:\/\/agora.xtec.cat\/ieslajonquera\/wp-json\/wp\/v2\/media?parent=4597"}],"wp:term":[{"taxonomy":"category","embeddable":true,"href":"https:\/\/agora.xtec.cat\/ieslajonquera\/wp-json\/wp\/v2\/categories?post=4597"},{"taxonomy":"post_tag","embeddable":true,"href":"https:\/\/agora.xtec.cat\/ieslajonquera\/wp-json\/wp\/v2\/tags?post=4597"}],"curies":[{"name":"wp","href":"https:\/\/api.w.org\/{rel}","templated":true}]}}