{"id":4588,"date":"2023-03-26T16:32:07","date_gmt":"2023-03-26T14:32:07","guid":{"rendered":"https:\/\/agora.xtec.cat\/ieslajonquera\/?p=4588"},"modified":"2023-03-26T16:32:07","modified_gmt":"2023-03-26T14:32:07","slug":"participacio-en-el-certamen-de-lectura-en-veu-alta","status":"publish","type":"post","link":"https:\/\/agora.xtec.cat\/ieslajonquera\/general\/participacio-en-el-certamen-de-lectura-en-veu-alta\/","title":{"rendered":"Participaci\u00f3 en el Certamen de Lectura en Veu Alta"},"content":{"rendered":"<p style=\"text-align: justify;\"><a href=\"https:\/\/agora.xtec.cat\/ieslajonquera\/wp-content\/uploads\/usu2014\/2023\/03\/Screenshot_20230326_163020_Gallery.jpg\"><img loading=\"lazy\" decoding=\"async\" class=\"size-medium wp-image-4590 alignleft\" src=\"https:\/\/agora.xtec.cat\/ieslajonquera\/wp-content\/uploads\/usu2014\/2023\/03\/Screenshot_20230326_163020_Gallery-300x263.jpg\" alt=\"\" width=\"300\" height=\"263\" srcset=\"https:\/\/agora.xtec.cat\/ieslajonquera\/wp-content\/uploads\/usu2014\/2023\/03\/Screenshot_20230326_163020_Gallery-300x263.jpg 300w, https:\/\/agora.xtec.cat\/ieslajonquera\/wp-content\/uploads\/usu2014\/2023\/03\/Screenshot_20230326_163020_Gallery-1024x897.jpg 1024w, https:\/\/agora.xtec.cat\/ieslajonquera\/wp-content\/uploads\/usu2014\/2023\/03\/Screenshot_20230326_163020_Gallery-768x673.jpg 768w, https:\/\/agora.xtec.cat\/ieslajonquera\/wp-content\/uploads\/usu2014\/2023\/03\/Screenshot_20230326_163020_Gallery.jpg 1080w\" sizes=\"auto, (max-width: 300px) 100vw, 300px\" \/><\/a><a href=\"https:\/\/agora.xtec.cat\/ieslajonquera\/wp-content\/uploads\/usu2014\/2023\/03\/Screenshot_20230326_163003_Gallery.jpg\"><img loading=\"lazy\" decoding=\"async\" class=\"size-medium wp-image-4592 alignleft\" src=\"https:\/\/agora.xtec.cat\/ieslajonquera\/wp-content\/uploads\/usu2014\/2023\/03\/Screenshot_20230326_163003_Gallery-282x300.jpg\" alt=\"\" width=\"282\" height=\"300\" \/><\/a>En Pep Juanola, de 2n d&#8217;ESO B, ha representat el centre al XIX Certamen de Lectura en Veu Alta, celebrat el passat 20 de mar\u00e7 a l&#8217;Auditori dels Caputxins de Figueres, i organitzat pel Servei Educatiu de l&#8217;Alt Empord\u00e0. La categoria en qu\u00e8 va participar \u00e9s &#8220;Corsaris&#8221;, i el fragment que va llegir pertany al llibre <em>El noi de l&#8217;\u00faltima fila<\/em>, d&#8217;Onjali Q. Rauf.<\/p>\n<p style=\"text-align: justify;\">El Certamen de Lectura en Veu Alta e\u0301s un projecte del Grup Enciclope\u0300dia que te\u0301 la missio\u0301 de promoure la literatura i la llengua per mitja\u0300 de la lectura compartida en veu alta.<\/p>\n<p style=\"text-align: justify;\">Ho va fer molt b\u00e9!<\/p>\n","protected":false},"excerpt":{"rendered":"<p><a href=\"https:\/\/agora.xtec.cat\/ieslajonquera\/wp-content\/uploads\/usu2014\/2023\/03\/Screenshot_20230326_163020_Gallery.jpg\"><\/a><a href=\"https:\/\/agora.xtec.cat\/ieslajonquera\/wp-content\/uploads\/usu2014\/2023\/03\/Screenshot_20230326_163003_Gallery.jpg\"><\/a>En Pep Juanola, de 2n d&#8217;ESO B, ha representat el centre al XIX Certamen de Lectura en Veu Alta, celebrat el passat 20 de mar\u00e7 a l&#8217;Auditori dels Caputxins de Figueres, i organitzat pel Servei Educatiu de l&#8217;Alt Empord\u00e0. La categoria en qu\u00e8&hellip;  <a href=\"https:\/\/agora.xtec.cat\/ieslajonquera\/general\/participacio-en-el-certamen-de-lectura-en-veu-alta\/\" title=\"Read Participaci\u00f3 en el Certamen de Lectura en Veu Alta\">Llegeix m\u00e9s\u00bb<\/a><\/p>\n","protected":false},"author":3,"featured_media":4592,"comment_status":"open","ping_status":"closed","sticky":false,"template":"","format":"standard","meta":{"_bbp_topic_count":0,"_bbp_reply_count":0,"_bbp_total_topic_count":0,"_bbp_total_reply_count":0,"_bbp_voice_count":0,"_bbp_anonymous_reply_count":0,"_bbp_topic_count_hidden":0,"_bbp_reply_count_hidden":0,"_bbp_forum_subforum_count":0,"footnotes":""},"categories":[5,3,1],"tags":[106,114],"class_list":["post-4588","post","type-post","status-publish","format-standard","has-post-thumbnail","hentry","category-eso-2","category-eso","category-general","tag-concurs","tag-lectura"],"post_mailing_queue_ids":[],"_links":{"self":[{"href":"https:\/\/agora.xtec.cat\/ieslajonquera\/wp-json\/wp\/v2\/posts\/4588","targetHints":{"allow":["GET"]}}],"collection":[{"href":"https:\/\/agora.xtec.cat\/ieslajonquera\/wp-json\/wp\/v2\/posts"}],"about":[{"href":"https:\/\/agora.xtec.cat\/ieslajonquera\/wp-json\/wp\/v2\/types\/post"}],"author":[{"embeddable":true,"href":"https:\/\/agora.xtec.cat\/ieslajonquera\/wp-json\/wp\/v2\/users\/3"}],"replies":[{"embeddable":true,"href":"https:\/\/agora.xtec.cat\/ieslajonquera\/wp-json\/wp\/v2\/comments?post=4588"}],"version-history":[{"count":2,"href":"https:\/\/agora.xtec.cat\/ieslajonquera\/wp-json\/wp\/v2\/posts\/4588\/revisions"}],"predecessor-version":[{"id":4593,"href":"https:\/\/agora.xtec.cat\/ieslajonquera\/wp-json\/wp\/v2\/posts\/4588\/revisions\/4593"}],"wp:featuredmedia":[{"embeddable":true,"href":"https:\/\/agora.xtec.cat\/ieslajonquera\/wp-json\/wp\/v2\/media\/4592"}],"wp:attachment":[{"href":"https:\/\/agora.xtec.cat\/ieslajonquera\/wp-json\/wp\/v2\/media?parent=4588"}],"wp:term":[{"taxonomy":"category","embeddable":true,"href":"https:\/\/agora.xtec.cat\/ieslajonquera\/wp-json\/wp\/v2\/categories?post=4588"},{"taxonomy":"post_tag","embeddable":true,"href":"https:\/\/agora.xtec.cat\/ieslajonquera\/wp-json\/wp\/v2\/tags?post=4588"}],"curies":[{"name":"wp","href":"https:\/\/api.w.org\/{rel}","templated":true}]}}