{"id":4581,"date":"2023-03-26T16:47:24","date_gmt":"2023-03-26T14:47:24","guid":{"rendered":"https:\/\/agora.xtec.cat\/ieslajonquera\/?p=4581"},"modified":"2023-03-26T16:47:24","modified_gmt":"2023-03-26T14:47:24","slug":"concurs-de-pi","status":"publish","type":"post","link":"https:\/\/agora.xtec.cat\/ieslajonquera\/general\/concurs-de-pi\/","title":{"rendered":"Concurs de PI"},"content":{"rendered":"<p class=\"gmail_default\" style=\"text-align: justify;\"><a href=\"https:\/\/agora.xtec.cat\/ieslajonquera\/wp-content\/uploads\/usu2014\/2023\/03\/1679568151417-1-rotated.jpg\"><img loading=\"lazy\" decoding=\"async\" class=\"size-medium wp-image-4582 alignleft\" src=\"https:\/\/agora.xtec.cat\/ieslajonquera\/wp-content\/uploads\/usu2014\/2023\/03\/1679568151417-1-224x300.jpg\" alt=\"\" width=\"224\" height=\"300\" srcset=\"https:\/\/agora.xtec.cat\/ieslajonquera\/wp-content\/uploads\/usu2014\/2023\/03\/1679568151417-1-224x300.jpg 224w, https:\/\/agora.xtec.cat\/ieslajonquera\/wp-content\/uploads\/usu2014\/2023\/03\/1679568151417-1-rotated.jpg 766w\" sizes=\"auto, (max-width: 224px) 100vw, 224px\" \/><\/a><a href=\"https:\/\/agora.xtec.cat\/ieslajonquera\/wp-content\/uploads\/usu2014\/2023\/03\/1679568151374-1-rotated.jpg\"><img loading=\"lazy\" decoding=\"async\" class=\"size-medium wp-image-4583 alignleft\" src=\"https:\/\/agora.xtec.cat\/ieslajonquera\/wp-content\/uploads\/usu2014\/2023\/03\/1679568151374-1-224x300.jpg\" alt=\"\" width=\"224\" height=\"300\" srcset=\"https:\/\/agora.xtec.cat\/ieslajonquera\/wp-content\/uploads\/usu2014\/2023\/03\/1679568151374-1-224x300.jpg 224w, https:\/\/agora.xtec.cat\/ieslajonquera\/wp-content\/uploads\/usu2014\/2023\/03\/1679568151374-1-rotated.jpg 766w\" sizes=\"auto, (max-width: 224px) 100vw, 224px\" \/><\/a>El passat dimarts 14 de mar\u00e7 (3\/14th en angl\u00e8s) va ser el Dia Internacional de les Matem\u00e0tiques i el dia del nombre Pi. Per celebrar aquest dia el seminari de matem\u00e0tiques ha organitzat un concurs per veure quin alumne\/a aconseguia memoritzar el major nombre de decimals d&#8217;aquest nombre irracional (recordem que el n\u00famero Pi t\u00e9 infinites xifres decimals no peri\u00f2diques). L&#8217;alumnat que va participar estava molt motivat i ens van sorprendre amb la quantitat de xifres que van memoritzar, fins i tot en angl\u00e8s.<\/p>\n<p class=\"gmail_default\" style=\"text-align: justify;\">El guanyador va ser en Jad Taligui, de 2n d&#8217;ESO A, que va recitar 135 decimals; la segona posici\u00f3 va ser per la Luxi Wu, de 3r B, que cantant en angl\u00e8s va aconseguir 98 decimals, i el tercer lloc va ser per l&#8217;Ariel A. Gonz\u00e1lez, de 2n d&#8217;ESO B, que va memoritzar 66 decimals.<\/p>\n<p class=\"gmail_default\" style=\"text-align: justify;\">Ha sigut una magn\u00edfica experi\u00e8ncia per tothom que de ben segur repetirem. Moltes gr\u00e0cies a tots per participar-hi!<\/p>\n","protected":false},"excerpt":{"rendered":"<p><a href=\"https:\/\/agora.xtec.cat\/ieslajonquera\/wp-content\/uploads\/usu2014\/2023\/03\/1679568151417-1-rotated.jpg\"><\/a><a href=\"https:\/\/agora.xtec.cat\/ieslajonquera\/wp-content\/uploads\/usu2014\/2023\/03\/1679568151374-1-rotated.jpg\"><\/a>El passat dimarts 14 de mar\u00e7 (3\/14th en angl\u00e8s) va ser el Dia Internacional de les Matem\u00e0tiques i el dia del nombre Pi. Per celebrar aquest dia el seminari de matem\u00e0tiques ha organitzat un concurs per veure quin alumne\/a aconseguia memoritzar el major&hellip;  <a href=\"https:\/\/agora.xtec.cat\/ieslajonquera\/general\/concurs-de-pi\/\" title=\"Read Concurs de PI\">Llegeix m\u00e9s\u00bb<\/a><\/p>\n","protected":false},"author":3,"featured_media":4582,"comment_status":"open","ping_status":"closed","sticky":false,"template":"","format":"standard","meta":{"_bbp_topic_count":0,"_bbp_reply_count":0,"_bbp_total_topic_count":0,"_bbp_total_reply_count":0,"_bbp_voice_count":0,"_bbp_anonymous_reply_count":0,"_bbp_topic_count_hidden":0,"_bbp_reply_count_hidden":0,"_bbp_forum_subforum_count":0,"footnotes":""},"categories":[3,1],"tags":[106,131],"class_list":["post-4581","post","type-post","status-publish","format-standard","has-post-thumbnail","hentry","category-eso","category-general","tag-concurs","tag-matematiques"],"post_mailing_queue_ids":[],"_links":{"self":[{"href":"https:\/\/agora.xtec.cat\/ieslajonquera\/wp-json\/wp\/v2\/posts\/4581","targetHints":{"allow":["GET"]}}],"collection":[{"href":"https:\/\/agora.xtec.cat\/ieslajonquera\/wp-json\/wp\/v2\/posts"}],"about":[{"href":"https:\/\/agora.xtec.cat\/ieslajonquera\/wp-json\/wp\/v2\/types\/post"}],"author":[{"embeddable":true,"href":"https:\/\/agora.xtec.cat\/ieslajonquera\/wp-json\/wp\/v2\/users\/3"}],"replies":[{"embeddable":true,"href":"https:\/\/agora.xtec.cat\/ieslajonquera\/wp-json\/wp\/v2\/comments?post=4581"}],"version-history":[{"count":1,"href":"https:\/\/agora.xtec.cat\/ieslajonquera\/wp-json\/wp\/v2\/posts\/4581\/revisions"}],"predecessor-version":[{"id":4584,"href":"https:\/\/agora.xtec.cat\/ieslajonquera\/wp-json\/wp\/v2\/posts\/4581\/revisions\/4584"}],"wp:featuredmedia":[{"embeddable":true,"href":"https:\/\/agora.xtec.cat\/ieslajonquera\/wp-json\/wp\/v2\/media\/4582"}],"wp:attachment":[{"href":"https:\/\/agora.xtec.cat\/ieslajonquera\/wp-json\/wp\/v2\/media?parent=4581"}],"wp:term":[{"taxonomy":"category","embeddable":true,"href":"https:\/\/agora.xtec.cat\/ieslajonquera\/wp-json\/wp\/v2\/categories?post=4581"},{"taxonomy":"post_tag","embeddable":true,"href":"https:\/\/agora.xtec.cat\/ieslajonquera\/wp-json\/wp\/v2\/tags?post=4581"}],"curies":[{"name":"wp","href":"https:\/\/api.w.org\/{rel}","templated":true}]}}