{"id":4555,"date":"2023-03-19T19:22:01","date_gmt":"2023-03-19T18:22:01","guid":{"rendered":"https:\/\/agora.xtec.cat\/ieslajonquera\/?p=4555"},"modified":"2023-03-19T19:22:01","modified_gmt":"2023-03-19T18:22:01","slug":"sete-concurs-doratoria-juvenil-de-lalt-emporda","status":"publish","type":"post","link":"https:\/\/agora.xtec.cat\/ieslajonquera\/general\/sete-concurs-doratoria-juvenil-de-lalt-emporda\/","title":{"rendered":"Set\u00e8 Concurs d&#8217;Orat\u00f2ria Juvenil de l&#8217;Alt Empord\u00e0"},"content":{"rendered":"<p style=\"text-align: justify;\"><a href=\"https:\/\/agora.xtec.cat\/ieslajonquera\/wp-content\/uploads\/usu2014\/2023\/03\/IMG_20230318_202316_523.jpg\"><img loading=\"lazy\" decoding=\"async\" class=\"size-medium wp-image-4556 alignleft\" src=\"https:\/\/agora.xtec.cat\/ieslajonquera\/wp-content\/uploads\/usu2014\/2023\/03\/IMG_20230318_202316_523-300x226.jpg\" alt=\"\" width=\"300\" height=\"226\" srcset=\"https:\/\/agora.xtec.cat\/ieslajonquera\/wp-content\/uploads\/usu2014\/2023\/03\/IMG_20230318_202316_523-300x226.jpg 300w, https:\/\/agora.xtec.cat\/ieslajonquera\/wp-content\/uploads\/usu2014\/2023\/03\/IMG_20230318_202316_523-1024x771.jpg 1024w, https:\/\/agora.xtec.cat\/ieslajonquera\/wp-content\/uploads\/usu2014\/2023\/03\/IMG_20230318_202316_523-768x578.jpg 768w, https:\/\/agora.xtec.cat\/ieslajonquera\/wp-content\/uploads\/usu2014\/2023\/03\/IMG_20230318_202316_523-1536x1156.jpg 1536w, https:\/\/agora.xtec.cat\/ieslajonquera\/wp-content\/uploads\/usu2014\/2023\/03\/IMG_20230318_202316_523-200x150.jpg 200w, https:\/\/agora.xtec.cat\/ieslajonquera\/wp-content\/uploads\/usu2014\/2023\/03\/IMG_20230318_202316_523.jpg 1600w\" sizes=\"auto, (max-width: 300px) 100vw, 300px\" \/><\/a>El passat dissabte 18 de mar\u00e7 es va celebrar a l\u2019Auditori dels Caputxins de Figueres el VII Concurs d\u2019Orat\u00f2ria Juvenil de l&#8217;Alt Empord\u00e0. L\u2019acte va comptar amb la confer\u00e8ncia \u201cAdre\u00e7ar-se a una audi\u00e8ncia\u201d a c\u00e0rrec d\u2019\u00c0ngels Bassas, actriu, escriptora i docent d\u2019Arts Esc\u00e8niques.<\/p>\n<p style=\"text-align: justify;\">En Tomeu Beltran, de 4t A, va ser l&#8217;encarregat de representar el nostre centre.<\/p>\n<p style=\"text-align: justify;\">\n","protected":false},"excerpt":{"rendered":"<p><a href=\"https:\/\/agora.xtec.cat\/ieslajonquera\/wp-content\/uploads\/usu2014\/2023\/03\/IMG_20230318_202316_523.jpg\"><\/a>El passat dissabte 18 de mar\u00e7 es va celebrar a l\u2019Auditori dels Caputxins de Figueres el VII Concurs d\u2019Orat\u00f2ria Juvenil de l&#8217;Alt Empord\u00e0. L\u2019acte va comptar amb la confer\u00e8ncia \u201cAdre\u00e7ar-se a una audi\u00e8ncia\u201d a c\u00e0rrec d\u2019\u00c0ngels Bassas, actriu, escriptora i docent d\u2019Arts Esc\u00e8niques.<br \/>\nEn Tomeu&hellip;  <a href=\"https:\/\/agora.xtec.cat\/ieslajonquera\/general\/sete-concurs-doratoria-juvenil-de-lalt-emporda\/\" title=\"Read Set\u00e8 Concurs d&#8217;Orat\u00f2ria Juvenil de l&#8217;Alt Empord\u00e0\">Llegeix m\u00e9s\u00bb<\/a><\/p>\n","protected":false},"author":3,"featured_media":4556,"comment_status":"open","ping_status":"closed","sticky":false,"template":"","format":"standard","meta":{"_bbp_topic_count":0,"_bbp_reply_count":0,"_bbp_total_topic_count":0,"_bbp_total_reply_count":0,"_bbp_voice_count":0,"_bbp_anonymous_reply_count":0,"_bbp_topic_count_hidden":0,"_bbp_reply_count_hidden":0,"_bbp_forum_subforum_count":0,"footnotes":""},"categories":[7,3,1],"tags":[106,43,159],"class_list":["post-4555","post","type-post","status-publish","format-standard","has-post-thumbnail","hentry","category-eso-4","category-eso","category-general","tag-concurs","tag-expressio-oral","tag-oratoria"],"post_mailing_queue_ids":[],"_links":{"self":[{"href":"https:\/\/agora.xtec.cat\/ieslajonquera\/wp-json\/wp\/v2\/posts\/4555","targetHints":{"allow":["GET"]}}],"collection":[{"href":"https:\/\/agora.xtec.cat\/ieslajonquera\/wp-json\/wp\/v2\/posts"}],"about":[{"href":"https:\/\/agora.xtec.cat\/ieslajonquera\/wp-json\/wp\/v2\/types\/post"}],"author":[{"embeddable":true,"href":"https:\/\/agora.xtec.cat\/ieslajonquera\/wp-json\/wp\/v2\/users\/3"}],"replies":[{"embeddable":true,"href":"https:\/\/agora.xtec.cat\/ieslajonquera\/wp-json\/wp\/v2\/comments?post=4555"}],"version-history":[{"count":1,"href":"https:\/\/agora.xtec.cat\/ieslajonquera\/wp-json\/wp\/v2\/posts\/4555\/revisions"}],"predecessor-version":[{"id":4557,"href":"https:\/\/agora.xtec.cat\/ieslajonquera\/wp-json\/wp\/v2\/posts\/4555\/revisions\/4557"}],"wp:featuredmedia":[{"embeddable":true,"href":"https:\/\/agora.xtec.cat\/ieslajonquera\/wp-json\/wp\/v2\/media\/4556"}],"wp:attachment":[{"href":"https:\/\/agora.xtec.cat\/ieslajonquera\/wp-json\/wp\/v2\/media?parent=4555"}],"wp:term":[{"taxonomy":"category","embeddable":true,"href":"https:\/\/agora.xtec.cat\/ieslajonquera\/wp-json\/wp\/v2\/categories?post=4555"},{"taxonomy":"post_tag","embeddable":true,"href":"https:\/\/agora.xtec.cat\/ieslajonquera\/wp-json\/wp\/v2\/tags?post=4555"}],"curies":[{"name":"wp","href":"https:\/\/api.w.org\/{rel}","templated":true}]}}