{"id":4537,"date":"2023-03-12T09:58:38","date_gmt":"2023-03-12T08:58:38","guid":{"rendered":"https:\/\/agora.xtec.cat\/ieslajonquera\/?p=4537"},"modified":"2024-10-25T12:57:12","modified_gmt":"2024-10-25T10:57:12","slug":"avencos-en-el-projecte-sonda-del-grup-reptes","status":"publish","type":"post","link":"https:\/\/agora.xtec.cat\/ieslajonquera\/general\/avencos-en-el-projecte-sonda-del-grup-reptes\/","title":{"rendered":"Aven\u00e7os en el Projecte Sonda, del grup Reptes"},"content":{"rendered":"<p style=\"text-align: justify;\"><a href=\"https:\/\/agora.xtec.cat\/ieslajonquera\/wp-content\/uploads\/usu2014\/2023\/03\/ed822110-8b25-4aaf-84e0-9462b855324c.jpg\"><img loading=\"lazy\" decoding=\"async\" class=\" wp-image-4538 alignleft\" src=\"https:\/\/agora.xtec.cat\/ieslajonquera\/wp-content\/uploads\/usu2014\/2023\/03\/ed822110-8b25-4aaf-84e0-9462b855324c-300x200.jpg\" alt=\"\" width=\"485\" height=\"323\" srcset=\"https:\/\/agora.xtec.cat\/ieslajonquera\/wp-content\/uploads\/usu2014\/2023\/03\/ed822110-8b25-4aaf-84e0-9462b855324c-300x200.jpg 300w, https:\/\/agora.xtec.cat\/ieslajonquera\/wp-content\/uploads\/usu2014\/2023\/03\/ed822110-8b25-4aaf-84e0-9462b855324c.jpg 360w\" sizes=\"auto, (max-width: 485px) 100vw, 485px\" \/><\/a>El passat 9 de mar\u00e7, el grup Reptes vam tenir l&#8217;oportunitat de reunir-nos amb el vicepresident segon i diputat de Cultura de la Diputaci\u00f3 de Girona, el senyor Albert Pi\u00f1eira, per explicar-li el nostre Projecte Sonda. L&#8217;experi\u00e8ncia ha estat molt positiva, ja que ens permet donar a con\u00e8ixer la nostra feina i a m\u00e9s, poder comptar amb el suport econ\u00f2mic de la Diputaci\u00f3 de Girona. Amb aquesta col\u00b7laboraci\u00f3, la del nostre l&#8217;institut i la de l&#8217;Ajuntament de La Jonquera, disposem gaireb\u00e9 del total del pressupost per portar a terme aquesta aventura.<\/p>\n<p style=\"text-align: justify;\">N&#8217;estem molt contents i seguim endavant!<\/p>\n<p style=\"text-align: justify;\"><a href=\"https:\/\/agora.xtec.cat\/ieslajonquera\/wp-content\/uploads\/usu2014\/2023\/03\/Diputacio-de-Girona.png\"><img loading=\"lazy\" decoding=\"async\" class=\"alignnone  wp-image-5796\" src=\"https:\/\/agora.xtec.cat\/ieslajonquera\/wp-content\/uploads\/usu2014\/2023\/03\/Diputacio-de-Girona.png\" alt=\"\" width=\"431\" height=\"132\" srcset=\"https:\/\/agora.xtec.cat\/ieslajonquera\/wp-content\/uploads\/usu2014\/2023\/03\/Diputacio-de-Girona.png 696w, https:\/\/agora.xtec.cat\/ieslajonquera\/wp-content\/uploads\/usu2014\/2023\/03\/Diputacio-de-Girona-300x92.png 300w\" sizes=\"auto, (max-width: 431px) 100vw, 431px\" \/><\/a><\/p>\n","protected":false},"excerpt":{"rendered":"<p><a href=\"https:\/\/agora.xtec.cat\/ieslajonquera\/wp-content\/uploads\/usu2014\/2023\/03\/ed822110-8b25-4aaf-84e0-9462b855324c.jpg\"><\/a>El passat 9 de mar\u00e7, el grup Reptes vam tenir l&#8217;oportunitat de reunir-nos amb el vicepresident segon i diputat de Cultura de la Diputaci\u00f3 de Girona, el senyor Albert Pi\u00f1eira, per explicar-li el nostre Projecte Sonda. L&#8217;experi\u00e8ncia ha estat molt positiva, ja que ens&hellip;  <a href=\"https:\/\/agora.xtec.cat\/ieslajonquera\/general\/avencos-en-el-projecte-sonda-del-grup-reptes\/\" title=\"Read Aven\u00e7os en el Projecte Sonda, del grup Reptes\">Llegeix m\u00e9s\u00bb<\/a><\/p>\n","protected":false},"author":3,"featured_media":4538,"comment_status":"open","ping_status":"closed","sticky":false,"template":"","format":"standard","meta":{"_bbp_topic_count":0,"_bbp_reply_count":0,"_bbp_total_topic_count":0,"_bbp_total_reply_count":0,"_bbp_voice_count":0,"_bbp_anonymous_reply_count":0,"_bbp_topic_count_hidden":0,"_bbp_reply_count_hidden":0,"_bbp_forum_subforum_count":0,"footnotes":""},"categories":[5,6,3,1],"tags":[132,171,138],"class_list":["post-4537","post","type-post","status-publish","format-standard","has-post-thumbnail","hentry","category-eso-2","category-eso-3","category-eso","category-general","tag-projectes","tag-reptes","tag-tecnologia"],"post_mailing_queue_ids":[],"_links":{"self":[{"href":"https:\/\/agora.xtec.cat\/ieslajonquera\/wp-json\/wp\/v2\/posts\/4537","targetHints":{"allow":["GET"]}}],"collection":[{"href":"https:\/\/agora.xtec.cat\/ieslajonquera\/wp-json\/wp\/v2\/posts"}],"about":[{"href":"https:\/\/agora.xtec.cat\/ieslajonquera\/wp-json\/wp\/v2\/types\/post"}],"author":[{"embeddable":true,"href":"https:\/\/agora.xtec.cat\/ieslajonquera\/wp-json\/wp\/v2\/users\/3"}],"replies":[{"embeddable":true,"href":"https:\/\/agora.xtec.cat\/ieslajonquera\/wp-json\/wp\/v2\/comments?post=4537"}],"version-history":[{"count":4,"href":"https:\/\/agora.xtec.cat\/ieslajonquera\/wp-json\/wp\/v2\/posts\/4537\/revisions"}],"predecessor-version":[{"id":5797,"href":"https:\/\/agora.xtec.cat\/ieslajonquera\/wp-json\/wp\/v2\/posts\/4537\/revisions\/5797"}],"wp:featuredmedia":[{"embeddable":true,"href":"https:\/\/agora.xtec.cat\/ieslajonquera\/wp-json\/wp\/v2\/media\/4538"}],"wp:attachment":[{"href":"https:\/\/agora.xtec.cat\/ieslajonquera\/wp-json\/wp\/v2\/media?parent=4537"}],"wp:term":[{"taxonomy":"category","embeddable":true,"href":"https:\/\/agora.xtec.cat\/ieslajonquera\/wp-json\/wp\/v2\/categories?post=4537"},{"taxonomy":"post_tag","embeddable":true,"href":"https:\/\/agora.xtec.cat\/ieslajonquera\/wp-json\/wp\/v2\/tags?post=4537"}],"curies":[{"name":"wp","href":"https:\/\/api.w.org\/{rel}","templated":true}]}}