{"id":4515,"date":"2023-03-05T19:24:37","date_gmt":"2023-03-05T18:24:37","guid":{"rendered":"https:\/\/agora.xtec.cat\/ieslajonquera\/?p=4515"},"modified":"2023-03-05T19:37:14","modified_gmt":"2023-03-05T18:37:14","slug":"setmana-de-la-dona-a-la-biblioteca","status":"publish","type":"post","link":"https:\/\/agora.xtec.cat\/ieslajonquera\/general\/setmana-de-la-dona-a-la-biblioteca\/","title":{"rendered":"Setmana de la Dona a la Biblioteca"},"content":{"rendered":"<p class=\"gmail_default\" style=\"text-align: justify;\"><a href=\"https:\/\/agora.xtec.cat\/ieslajonquera\/wp-content\/uploads\/usu2014\/2023\/03\/IMG-20230303-WA0001.jpg\"><img loading=\"lazy\" decoding=\"async\" class=\"size-medium wp-image-4516 alignleft\" src=\"https:\/\/agora.xtec.cat\/ieslajonquera\/wp-content\/uploads\/usu2014\/2023\/03\/IMG-20230303-WA0001-300x225.jpg\" alt=\"\" width=\"300\" height=\"225\" srcset=\"https:\/\/agora.xtec.cat\/ieslajonquera\/wp-content\/uploads\/usu2014\/2023\/03\/IMG-20230303-WA0001-300x225.jpg 300w, https:\/\/agora.xtec.cat\/ieslajonquera\/wp-content\/uploads\/usu2014\/2023\/03\/IMG-20230303-WA0001-1024x769.jpg 1024w, https:\/\/agora.xtec.cat\/ieslajonquera\/wp-content\/uploads\/usu2014\/2023\/03\/IMG-20230303-WA0001-768x576.jpg 768w, https:\/\/agora.xtec.cat\/ieslajonquera\/wp-content\/uploads\/usu2014\/2023\/03\/IMG-20230303-WA0001-1536x1153.jpg 1536w, https:\/\/agora.xtec.cat\/ieslajonquera\/wp-content\/uploads\/usu2014\/2023\/03\/IMG-20230303-WA0001-200x150.jpg 200w, https:\/\/agora.xtec.cat\/ieslajonquera\/wp-content\/uploads\/usu2014\/2023\/03\/IMG-20230303-WA0001.jpg 2048w\" sizes=\"auto, (max-width: 300px) 100vw, 300px\" \/><\/a>La Biblioteca ja est\u00e0 a punt per a la Setmana de la Dona! Si ets feminista i activista, si ets revolucion\u00e0ri@ i lluitador@, si t&#8217;agraden el color lila i l&#8217;arc de Sant Mart\u00ed, si est\u00e0s en contra de les f\u00f2bies i de la viol\u00e8ncia, si creus en l&#8217;educaci\u00f3 i la coeducaci\u00f3, si etc., etc., etc., entra a eP\u00e8rgam i descobreix totes les lectures que et podem oferir!<\/p>\n<p class=\"gmail_default\" style=\"text-align: justify;\">Vine a la biblioteca i digues quina \u00e9s la teva escriptora preferida: t&#8217;endur\u00e0s un boli lila de regal!<\/p>\n","protected":false},"excerpt":{"rendered":"<p><a href=\"https:\/\/agora.xtec.cat\/ieslajonquera\/wp-content\/uploads\/usu2014\/2023\/03\/IMG-20230303-WA0001.jpg\"><\/a>La Biblioteca ja est\u00e0 a punt per a la Setmana de la Dona! Si ets feminista i activista, si ets revolucion\u00e0ri@ i lluitador@, si t&#8217;agraden el color lila i l&#8217;arc de Sant Mart\u00ed, si est\u00e0s en contra de les f\u00f2bies i de la viol\u00e8ncia,&hellip;  <a href=\"https:\/\/agora.xtec.cat\/ieslajonquera\/general\/setmana-de-la-dona-a-la-biblioteca\/\" title=\"Read Setmana de la Dona a la Biblioteca\">Llegeix m\u00e9s\u00bb<\/a><\/p>\n","protected":false},"author":3,"featured_media":4516,"comment_status":"open","ping_status":"closed","sticky":false,"template":"","format":"standard","meta":{"_bbp_topic_count":0,"_bbp_reply_count":0,"_bbp_total_topic_count":0,"_bbp_total_reply_count":0,"_bbp_voice_count":0,"_bbp_anonymous_reply_count":0,"_bbp_topic_count_hidden":0,"_bbp_reply_count_hidden":0,"_bbp_forum_subforum_count":0,"footnotes":""},"categories":[1],"tags":[113],"class_list":["post-4515","post","type-post","status-publish","format-standard","has-post-thumbnail","hentry","category-general","tag-biblioteca"],"post_mailing_queue_ids":[],"_links":{"self":[{"href":"https:\/\/agora.xtec.cat\/ieslajonquera\/wp-json\/wp\/v2\/posts\/4515","targetHints":{"allow":["GET"]}}],"collection":[{"href":"https:\/\/agora.xtec.cat\/ieslajonquera\/wp-json\/wp\/v2\/posts"}],"about":[{"href":"https:\/\/agora.xtec.cat\/ieslajonquera\/wp-json\/wp\/v2\/types\/post"}],"author":[{"embeddable":true,"href":"https:\/\/agora.xtec.cat\/ieslajonquera\/wp-json\/wp\/v2\/users\/3"}],"replies":[{"embeddable":true,"href":"https:\/\/agora.xtec.cat\/ieslajonquera\/wp-json\/wp\/v2\/comments?post=4515"}],"version-history":[{"count":2,"href":"https:\/\/agora.xtec.cat\/ieslajonquera\/wp-json\/wp\/v2\/posts\/4515\/revisions"}],"predecessor-version":[{"id":4518,"href":"https:\/\/agora.xtec.cat\/ieslajonquera\/wp-json\/wp\/v2\/posts\/4515\/revisions\/4518"}],"wp:featuredmedia":[{"embeddable":true,"href":"https:\/\/agora.xtec.cat\/ieslajonquera\/wp-json\/wp\/v2\/media\/4516"}],"wp:attachment":[{"href":"https:\/\/agora.xtec.cat\/ieslajonquera\/wp-json\/wp\/v2\/media?parent=4515"}],"wp:term":[{"taxonomy":"category","embeddable":true,"href":"https:\/\/agora.xtec.cat\/ieslajonquera\/wp-json\/wp\/v2\/categories?post=4515"},{"taxonomy":"post_tag","embeddable":true,"href":"https:\/\/agora.xtec.cat\/ieslajonquera\/wp-json\/wp\/v2\/tags?post=4515"}],"curies":[{"name":"wp","href":"https:\/\/api.w.org\/{rel}","templated":true}]}}