{"id":4506,"date":"2023-03-02T18:53:01","date_gmt":"2023-03-02T17:53:01","guid":{"rendered":"https:\/\/agora.xtec.cat\/ieslajonquera\/?p=4506"},"modified":"2023-03-02T18:53:01","modified_gmt":"2023-03-02T17:53:01","slug":"ja-ens-han-arribat-els-diplomes-del-delf","status":"publish","type":"post","link":"https:\/\/agora.xtec.cat\/ieslajonquera\/general\/ja-ens-han-arribat-els-diplomes-del-delf\/","title":{"rendered":"Ja ens han arribat els diplomes del DELF!"},"content":{"rendered":"<p><a href=\"https:\/\/agora.xtec.cat\/ieslajonquera\/wp-content\/uploads\/usu2014\/2023\/03\/IMG-20230302-WA0006.jpg\"><img loading=\"lazy\" decoding=\"async\" class=\"size-medium wp-image-4507 alignleft\" src=\"https:\/\/agora.xtec.cat\/ieslajonquera\/wp-content\/uploads\/usu2014\/2023\/03\/IMG-20230302-WA0006-300x225.jpg\" alt=\"\" width=\"300\" height=\"225\" srcset=\"https:\/\/agora.xtec.cat\/ieslajonquera\/wp-content\/uploads\/usu2014\/2023\/03\/IMG-20230302-WA0006-300x225.jpg 300w, https:\/\/agora.xtec.cat\/ieslajonquera\/wp-content\/uploads\/usu2014\/2023\/03\/IMG-20230302-WA0006-768x576.jpg 768w, https:\/\/agora.xtec.cat\/ieslajonquera\/wp-content\/uploads\/usu2014\/2023\/03\/IMG-20230302-WA0006-200x150.jpg 200w, https:\/\/agora.xtec.cat\/ieslajonquera\/wp-content\/uploads\/usu2014\/2023\/03\/IMG-20230302-WA0006.jpg 1024w\" sizes=\"auto, (max-width: 300px) 100vw, 300px\" \/><\/a>Ja ens han arribat els diplomes del DELF dels seg\u00fcents alumnes, que es van examinar el curs passat:<\/p>\n<ul>\n<li>DELF A2: Marina Andrades, Avril Bella, Albert Bleisa,Tatiana Buxeda, Pau Costej\u00e0, Joel Garcia,Victor Moreno, Miquel Pijoan, Marc Pou, Marina Ribas i Alex S\u00e1nchez.<\/li>\n<li>DELF B1: Alexandra Arzoiu, Fadua Berdii, Rim Chaoui, Paula D\u00edaz, Aya Ezzahidy, Blai Pol, Miquel Puigbert, Ona Pumarola, Thalia Ram\u00edrez, Pere Ribas, Ilias Rochdi i Ilias Zegaf.<\/li>\n<li>DELF B2: Marina Caixach, Pau Coloma, Renata D\u00e9cima, Aitor L\u00f3pez, Roc Oliva, Marina Pallarols i Eul\u00e0lia Xia<\/li>\n<\/ul>\n<p>El DELF \u00e9s un diploma oficial internacionalment reconegut expedit pel Ministeri franc\u00e8s d\u2019Educaci\u00f3 que certifica les compet\u00e8ncies en franc\u00e8s dels candidats estrangers i que al nostre centre es prepara des de la mat\u00e8ria optativa de Franc\u00e8s a 4t d\u2019ESO i des dels estudis de Batxibac.<\/p>\n<p>Els nivells A2, B1 i B2 permeten completar el curr\u00edculum ja que aquestes certificacions s\u00f3n cada vegada mes conegudes i reconegudes per les administracions, les empreses i les institucions educatives.<\/p>\n<ul>\n<li>El nivell B1 permet validar el t\u00edtol universitari de Grau en la majoria de les Comunitats Aut\u00f3nomes.<\/li>\n<li>El nivel B2 \u00e9s requisit m\u00ednim per a la obtenci\u00f3 d\u2019una beca Erasmus. Tamb\u00e9 constitueix un acc\u00e9s directe a les universitats franceses i a un nombre cada vegada major d\u2019universitats europees i franc\u00f2fones. Ser titular del DELF B2 eximeix de realitzar els tests ling\u00fc\u00edstics d\u2019acc\u00e9s a les universitats franceses i franc\u00f2fones.<\/li>\n<\/ul>\n<p>Enhorabona a tots\/es els\/les nostres alumnes que han participat a les proves!<\/p>\n<p><a href=\"https:\/\/agora.xtec.cat\/ieslajonquera\/wp-content\/uploads\/usu2014\/2023\/03\/indice.jpg\"><img loading=\"lazy\" decoding=\"async\" class=\"size-full wp-image-4509 alignleft\" src=\"https:\/\/agora.xtec.cat\/ieslajonquera\/wp-content\/uploads\/usu2014\/2023\/03\/indice.jpg\" alt=\"\" width=\"225\" height=\"225\" srcset=\"https:\/\/agora.xtec.cat\/ieslajonquera\/wp-content\/uploads\/usu2014\/2023\/03\/indice.jpg 225w, https:\/\/agora.xtec.cat\/ieslajonquera\/wp-content\/uploads\/usu2014\/2023\/03\/indice-150x150.jpg 150w\" sizes=\"auto, (max-width: 225px) 100vw, 225px\" \/><\/a><a href=\"https:\/\/agora.xtec.cat\/ieslajonquera\/wp-content\/uploads\/usu2014\/2023\/03\/indice.png\"><img loading=\"lazy\" decoding=\"async\" class=\"size-full wp-image-4508 alignleft\" src=\"https:\/\/agora.xtec.cat\/ieslajonquera\/wp-content\/uploads\/usu2014\/2023\/03\/indice.png\" alt=\"\" width=\"225\" height=\"224\" srcset=\"https:\/\/agora.xtec.cat\/ieslajonquera\/wp-content\/uploads\/usu2014\/2023\/03\/indice.png 225w, https:\/\/agora.xtec.cat\/ieslajonquera\/wp-content\/uploads\/usu2014\/2023\/03\/indice-150x150.png 150w\" sizes=\"auto, (max-width: 225px) 100vw, 225px\" \/><\/a><\/p>\n","protected":false},"excerpt":{"rendered":"<p><a href=\"https:\/\/agora.xtec.cat\/ieslajonquera\/wp-content\/uploads\/usu2014\/2023\/03\/IMG-20230302-WA0006.jpg\"><\/a>Ja ens han arribat els diplomes del DELF dels seg\u00fcents alumnes, que es van examinar el curs passat:<\/p>\n<ul>\n<li>DELF A2: Marina Andrades, Avril Bella, Albert Bleisa,Tatiana Buxeda, Pau Costej\u00e0, Joel Garcia,Victor Moreno, Miquel Pijoan, Marc Pou, Marina Ribas i Alex S\u00e1nchez.<\/li>\n<li>DELF B1: Alexandra Arzoiu, Fadua&hellip;  <a href=\"https:\/\/agora.xtec.cat\/ieslajonquera\/general\/ja-ens-han-arribat-els-diplomes-del-delf\/\" title=\"Read Ja ens han arribat els diplomes del DELF!\">Llegeix m\u00e9s\u00bb<\/a><br \/>\n","protected":false},"author":3,"featured_media":4507,"comment_status":"open","ping_status":"closed","sticky":false,"template":"","format":"standard","meta":{"_bbp_topic_count":0,"_bbp_reply_count":0,"_bbp_total_topic_count":0,"_bbp_total_reply_count":0,"_bbp_voice_count":0,"_bbp_anonymous_reply_count":0,"_bbp_topic_count_hidden":0,"_bbp_reply_count_hidden":0,"_bbp_forum_subforum_count":0,"footnotes":""},"categories":[1],"tags":[129],"class_list":["post-4506","post","type-post","status-publish","format-standard","has-post-thumbnail","hentry","category-general","tag-frances"],"post_mailing_queue_ids":[],"_links":{"self":[{"href":"https:\/\/agora.xtec.cat\/ieslajonquera\/wp-json\/wp\/v2\/posts\/4506","targetHints":{"allow":["GET"]}}],"collection":[{"href":"https:\/\/agora.xtec.cat\/ieslajonquera\/wp-json\/wp\/v2\/posts"}],"about":[{"href":"https:\/\/agora.xtec.cat\/ieslajonquera\/wp-json\/wp\/v2\/types\/post"}],"author":[{"embeddable":true,"href":"https:\/\/agora.xtec.cat\/ieslajonquera\/wp-json\/wp\/v2\/users\/3"}],"replies":[{"embeddable":true,"href":"https:\/\/agora.xtec.cat\/ieslajonquera\/wp-json\/wp\/v2\/comments?post=4506"}],"version-history":[{"count":1,"href":"https:\/\/agora.xtec.cat\/ieslajonquera\/wp-json\/wp\/v2\/posts\/4506\/revisions"}],"predecessor-version":[{"id":4510,"href":"https:\/\/agora.xtec.cat\/ieslajonquera\/wp-json\/wp\/v2\/posts\/4506\/revisions\/4510"}],"wp:featuredmedia":[{"embeddable":true,"href":"https:\/\/agora.xtec.cat\/ieslajonquera\/wp-json\/wp\/v2\/media\/4507"}],"wp:attachment":[{"href":"https:\/\/agora.xtec.cat\/ieslajonquera\/wp-json\/wp\/v2\/media?parent=4506"}],"wp:term":[{"taxonomy":"category","embeddable":true,"href":"https:\/\/agora.xtec.cat\/ieslajonquera\/wp-json\/wp\/v2\/categories?post=4506"},{"taxonomy":"post_tag","embeddable":true,"href":"https:\/\/agora.xtec.cat\/ieslajonquera\/wp-json\/wp\/v2\/tags?post=4506"}],"curies":[{"name":"wp","href":"https:\/\/api.w.org\/{rel}","templated":true}]}}