{"id":4477,"date":"2023-02-21T23:02:40","date_gmt":"2023-02-21T22:02:40","guid":{"rendered":"https:\/\/agora.xtec.cat\/ieslajonquera\/?p=4477"},"modified":"2023-02-21T23:02:40","modified_gmt":"2023-02-21T22:02:40","slug":"acte-de-lliurament-de-premis-del-concurs-amic-directes","status":"publish","type":"post","link":"https:\/\/agora.xtec.cat\/ieslajonquera\/general\/acte-de-lliurament-de-premis-del-concurs-amic-directes\/","title":{"rendered":"Acte de lliurament de premis del concurs AMIC-Directes"},"content":{"rendered":"<p style=\"text-align: justify;\"><a href=\"https:\/\/agora.xtec.cat\/ieslajonquera\/wp-content\/uploads\/usu2014\/2023\/02\/IMG_20230215_211910_037.jpg\"><img loading=\"lazy\" decoding=\"async\" class=\"size-medium wp-image-4478 alignleft\" src=\"https:\/\/agora.xtec.cat\/ieslajonquera\/wp-content\/uploads\/usu2014\/2023\/02\/IMG_20230215_211910_037-300x300.jpg\" alt=\"\" width=\"300\" height=\"300\" srcset=\"https:\/\/agora.xtec.cat\/ieslajonquera\/wp-content\/uploads\/usu2014\/2023\/02\/IMG_20230215_211910_037-300x300.jpg 300w, https:\/\/agora.xtec.cat\/ieslajonquera\/wp-content\/uploads\/usu2014\/2023\/02\/IMG_20230215_211910_037-150x150.jpg 150w, https:\/\/agora.xtec.cat\/ieslajonquera\/wp-content\/uploads\/usu2014\/2023\/02\/IMG_20230215_211910_037.jpg 471w\" sizes=\"auto, (max-width: 300px) 100vw, 300px\" \/><\/a>El passat 14 de febrer es va celebrar a Barcelona, a l&#8217;Auditori de la Facultat de Comunicaci\u00f3 i Relacions Institucionals Blanquerna, l&#8217;acte de lliurament de premis del concurs AMIC-Directes i les alumnes de 1r de Batxillerat Marina Ribas, Avril Bella i Marina Andrades van recollir el seu diploma com a alumnes finalistes. La professora del centre Olga Tribulietx, que les va acompanyar a l&#8217;acte, va recollir el diploma de reconeixement a l&#8217;INS la Jonquera per la seva participaci\u00f3 en el concurs.<\/p>\n<p style=\"text-align: justify;\">AMIC &#8211; Directes \u00e9s un concurs de joves creadors de contingut audiovisual en catal\u00e0 que dona l\u2019oportunitat als alumnes de 3r i 4t d\u2019ESO, Batxillerat i Cicles Formatius de Grau Mitj\u00e0 d&#8217;experimentar amb la creaci\u00f3 de continguts de manera segura amb l&#8217;ajuda de professionals del live streaming en catal\u00e0. \u00c9s una iniciativa de l\u2019Associaci\u00f3 de Mitjans d&#8217;Informaci\u00f3 i Comunicaci\u00f3.<\/p>\n<p>Podeu veure fotos del lliurament de premis <a href=\"https:\/\/drive.google.com\/drive\/folders\/1WCGTqgee5W5gbpMVsMgILiFNna8I8zow?usp=share_link\">aqu\u00ed<\/a>.<\/p>\n<p>&nbsp;<\/p>\n","protected":false},"excerpt":{"rendered":"<p><a href=\"https:\/\/agora.xtec.cat\/ieslajonquera\/wp-content\/uploads\/usu2014\/2023\/02\/IMG_20230215_211910_037.jpg\"><\/a>El passat 14 de febrer es va celebrar a Barcelona, a l&#8217;Auditori de la Facultat de Comunicaci\u00f3 i Relacions Institucionals Blanquerna, l&#8217;acte de lliurament de premis del concurs AMIC-Directes i les alumnes de 1r de Batxillerat Marina Ribas, Avril Bella i Marina Andrades van&hellip;  <a href=\"https:\/\/agora.xtec.cat\/ieslajonquera\/general\/acte-de-lliurament-de-premis-del-concurs-amic-directes\/\" title=\"Read Acte de lliurament de premis del concurs AMIC-Directes\">Llegeix m\u00e9s\u00bb<\/a><\/p>\n","protected":false},"author":3,"featured_media":4478,"comment_status":"open","ping_status":"closed","sticky":false,"template":"","format":"standard","meta":{"_bbp_topic_count":0,"_bbp_reply_count":0,"_bbp_total_topic_count":0,"_bbp_total_reply_count":0,"_bbp_voice_count":0,"_bbp_anonymous_reply_count":0,"_bbp_topic_count_hidden":0,"_bbp_reply_count_hidden":0,"_bbp_forum_subforum_count":0,"footnotes":""},"categories":[8,1],"tags":[106,133,43],"class_list":["post-4477","post","type-post","status-publish","format-standard","has-post-thumbnail","hentry","category-batxillerat","category-general","tag-concurs","tag-creativitat","tag-expressio-oral"],"post_mailing_queue_ids":[],"_links":{"self":[{"href":"https:\/\/agora.xtec.cat\/ieslajonquera\/wp-json\/wp\/v2\/posts\/4477","targetHints":{"allow":["GET"]}}],"collection":[{"href":"https:\/\/agora.xtec.cat\/ieslajonquera\/wp-json\/wp\/v2\/posts"}],"about":[{"href":"https:\/\/agora.xtec.cat\/ieslajonquera\/wp-json\/wp\/v2\/types\/post"}],"author":[{"embeddable":true,"href":"https:\/\/agora.xtec.cat\/ieslajonquera\/wp-json\/wp\/v2\/users\/3"}],"replies":[{"embeddable":true,"href":"https:\/\/agora.xtec.cat\/ieslajonquera\/wp-json\/wp\/v2\/comments?post=4477"}],"version-history":[{"count":1,"href":"https:\/\/agora.xtec.cat\/ieslajonquera\/wp-json\/wp\/v2\/posts\/4477\/revisions"}],"predecessor-version":[{"id":4479,"href":"https:\/\/agora.xtec.cat\/ieslajonquera\/wp-json\/wp\/v2\/posts\/4477\/revisions\/4479"}],"wp:featuredmedia":[{"embeddable":true,"href":"https:\/\/agora.xtec.cat\/ieslajonquera\/wp-json\/wp\/v2\/media\/4478"}],"wp:attachment":[{"href":"https:\/\/agora.xtec.cat\/ieslajonquera\/wp-json\/wp\/v2\/media?parent=4477"}],"wp:term":[{"taxonomy":"category","embeddable":true,"href":"https:\/\/agora.xtec.cat\/ieslajonquera\/wp-json\/wp\/v2\/categories?post=4477"},{"taxonomy":"post_tag","embeddable":true,"href":"https:\/\/agora.xtec.cat\/ieslajonquera\/wp-json\/wp\/v2\/tags?post=4477"}],"curies":[{"name":"wp","href":"https:\/\/api.w.org\/{rel}","templated":true}]}}