{"id":4453,"date":"2023-02-08T18:03:42","date_gmt":"2023-02-08T17:03:42","guid":{"rendered":"https:\/\/agora.xtec.cat\/ieslajonquera\/?p=4453"},"modified":"2023-02-08T18:03:42","modified_gmt":"2023-02-08T17:03:42","slug":"el-projecte-sonda-del-grup-de-reptes","status":"publish","type":"post","link":"https:\/\/agora.xtec.cat\/ieslajonquera\/general\/el-projecte-sonda-del-grup-de-reptes\/","title":{"rendered":"El Projecte Sonda del grup de Reptes"},"content":{"rendered":"<p dir=\"ltr\" style=\"text-align: justify;\"><a href=\"https:\/\/agora.xtec.cat\/ieslajonquera\/wp-content\/uploads\/usu2014\/2023\/02\/IMG_5528-1-1-1.jpg\"><img loading=\"lazy\" decoding=\"async\" class=\"size-medium wp-image-4454 alignleft\" src=\"https:\/\/agora.xtec.cat\/ieslajonquera\/wp-content\/uploads\/usu2014\/2023\/02\/IMG_5528-1-1-1-300x225.jpg\" alt=\"\" width=\"300\" height=\"225\" srcset=\"https:\/\/agora.xtec.cat\/ieslajonquera\/wp-content\/uploads\/usu2014\/2023\/02\/IMG_5528-1-1-1-300x225.jpg 300w, https:\/\/agora.xtec.cat\/ieslajonquera\/wp-content\/uploads\/usu2014\/2023\/02\/IMG_5528-1-1-1-768x576.jpg 768w, https:\/\/agora.xtec.cat\/ieslajonquera\/wp-content\/uploads\/usu2014\/2023\/02\/IMG_5528-1-1-1-200x150.jpg 200w, https:\/\/agora.xtec.cat\/ieslajonquera\/wp-content\/uploads\/usu2014\/2023\/02\/IMG_5528-1-1-1.jpg 1024w\" sizes=\"auto, (max-width: 300px) 100vw, 300px\" \/><\/a>El passat dimecres 1 de febrer, una delegaci\u00f3 dels alumnes del grup de REPTES, format per alumnes de 2n i 3r d&#8217;ESO, van presentar el seu Projecte Sonda a l&#8217;Ajuntament de la Jonquera, concretament a la regidora d&#8217;educaci\u00f3, Miriam Lanero, i a la regidora de promoci\u00f3 econ\u00f2mica, Llu\u00efsa Macias.<\/p>\n<p dir=\"ltr\" style=\"text-align: justify;\">En aquesta trobada van explicar els seus objectius i la descripci\u00f3 d\u2019aquest repte tan engrescador.<\/p>\n<p dir=\"ltr\" style=\"text-align: justify;\">Gr\u00e0cies a aquesta visita han aconseguit la col\u00b7laboraci\u00f3 i l&#8217;ajut econ\u00f2mic de l&#8217;Ajuntament de la Jonquera.<\/p>\n","protected":false},"excerpt":{"rendered":"<p><a href=\"https:\/\/agora.xtec.cat\/ieslajonquera\/wp-content\/uploads\/usu2014\/2023\/02\/IMG_5528-1-1-1.jpg\"><\/a>El passat dimecres 1 de febrer, una delegaci\u00f3 dels alumnes del grup de REPTES, format per alumnes de 2n i 3r d&#8217;ESO, van presentar el seu Projecte Sonda a l&#8217;Ajuntament de la Jonquera, concretament a la regidora d&#8217;educaci\u00f3, Miriam Lanero, i a la regidora&hellip;  <a href=\"https:\/\/agora.xtec.cat\/ieslajonquera\/general\/el-projecte-sonda-del-grup-de-reptes\/\" title=\"Read El Projecte Sonda del grup de Reptes\">Llegeix m\u00e9s\u00bb<\/a><\/p>\n","protected":false},"author":3,"featured_media":4454,"comment_status":"open","ping_status":"closed","sticky":false,"template":"","format":"standard","meta":{"_bbp_topic_count":0,"_bbp_reply_count":0,"_bbp_total_topic_count":0,"_bbp_total_reply_count":0,"_bbp_voice_count":0,"_bbp_anonymous_reply_count":0,"_bbp_topic_count_hidden":0,"_bbp_reply_count_hidden":0,"_bbp_forum_subforum_count":0,"footnotes":""},"categories":[5,6,3,1],"tags":[132,171,138],"class_list":["post-4453","post","type-post","status-publish","format-standard","has-post-thumbnail","hentry","category-eso-2","category-eso-3","category-eso","category-general","tag-projectes","tag-reptes","tag-tecnologia"],"post_mailing_queue_ids":[],"_links":{"self":[{"href":"https:\/\/agora.xtec.cat\/ieslajonquera\/wp-json\/wp\/v2\/posts\/4453","targetHints":{"allow":["GET"]}}],"collection":[{"href":"https:\/\/agora.xtec.cat\/ieslajonquera\/wp-json\/wp\/v2\/posts"}],"about":[{"href":"https:\/\/agora.xtec.cat\/ieslajonquera\/wp-json\/wp\/v2\/types\/post"}],"author":[{"embeddable":true,"href":"https:\/\/agora.xtec.cat\/ieslajonquera\/wp-json\/wp\/v2\/users\/3"}],"replies":[{"embeddable":true,"href":"https:\/\/agora.xtec.cat\/ieslajonquera\/wp-json\/wp\/v2\/comments?post=4453"}],"version-history":[{"count":2,"href":"https:\/\/agora.xtec.cat\/ieslajonquera\/wp-json\/wp\/v2\/posts\/4453\/revisions"}],"predecessor-version":[{"id":4456,"href":"https:\/\/agora.xtec.cat\/ieslajonquera\/wp-json\/wp\/v2\/posts\/4453\/revisions\/4456"}],"wp:featuredmedia":[{"embeddable":true,"href":"https:\/\/agora.xtec.cat\/ieslajonquera\/wp-json\/wp\/v2\/media\/4454"}],"wp:attachment":[{"href":"https:\/\/agora.xtec.cat\/ieslajonquera\/wp-json\/wp\/v2\/media?parent=4453"}],"wp:term":[{"taxonomy":"category","embeddable":true,"href":"https:\/\/agora.xtec.cat\/ieslajonquera\/wp-json\/wp\/v2\/categories?post=4453"},{"taxonomy":"post_tag","embeddable":true,"href":"https:\/\/agora.xtec.cat\/ieslajonquera\/wp-json\/wp\/v2\/tags?post=4453"}],"curies":[{"name":"wp","href":"https:\/\/api.w.org\/{rel}","templated":true}]}}