{"id":4449,"date":"2023-02-08T17:53:36","date_gmt":"2023-02-08T16:53:36","guid":{"rendered":"https:\/\/agora.xtec.cat\/ieslajonquera\/?p=4449"},"modified":"2023-02-08T17:53:36","modified_gmt":"2023-02-08T16:53:36","slug":"1r-deso-als-bunquers-de-la-jonquera","status":"publish","type":"post","link":"https:\/\/agora.xtec.cat\/ieslajonquera\/general\/1r-deso-als-bunquers-de-la-jonquera\/","title":{"rendered":"1r d&#8217;ESO, als b\u00fanquers de la Jonquera"},"content":{"rendered":"<p style=\"text-align: justify;\"><a href=\"https:\/\/agora.xtec.cat\/ieslajonquera\/wp-content\/uploads\/usu2014\/2023\/02\/Screenshot_20230208_175138_Instagram.jpg\"><img loading=\"lazy\" decoding=\"async\" class=\"size-medium wp-image-4450 alignleft\" src=\"https:\/\/agora.xtec.cat\/ieslajonquera\/wp-content\/uploads\/usu2014\/2023\/02\/Screenshot_20230208_175138_Instagram-300x265.jpg\" alt=\"\" width=\"300\" height=\"265\" srcset=\"https:\/\/agora.xtec.cat\/ieslajonquera\/wp-content\/uploads\/usu2014\/2023\/02\/Screenshot_20230208_175138_Instagram-300x265.jpg 300w, https:\/\/agora.xtec.cat\/ieslajonquera\/wp-content\/uploads\/usu2014\/2023\/02\/Screenshot_20230208_175138_Instagram-1024x904.jpg 1024w, https:\/\/agora.xtec.cat\/ieslajonquera\/wp-content\/uploads\/usu2014\/2023\/02\/Screenshot_20230208_175138_Instagram-768x678.jpg 768w, https:\/\/agora.xtec.cat\/ieslajonquera\/wp-content\/uploads\/usu2014\/2023\/02\/Screenshot_20230208_175138_Instagram.jpg 1080w\" sizes=\"auto, (max-width: 300px) 100vw, 300px\" \/><\/a>Excursi\u00f3 de l&#8217;alumnat de 1r d&#8217;ESO per veure dos b\u00fanquers de la zona dels Querols (la Jonquera), des de la mat\u00e8ria de Projectes i en el marc del projecte transversal de centre Guerra Civil i exilis.<\/p>\n<p style=\"text-align: justify;\">La visita va estar guiada per l&#8217;historiador Miquel Serrano, del MUME.<\/p>\n<p>En aquest <a href=\"https:\/\/drive.google.com\/drive\/folders\/1CetTaYDw4qsnoA-mOYO6k_t5UmO10Kso?usp=share_link\">enlla\u00e7<\/a> podeu veure m\u00e9s fotografies de la sortida.<\/p>\n","protected":false},"excerpt":{"rendered":"<p><a href=\"https:\/\/agora.xtec.cat\/ieslajonquera\/wp-content\/uploads\/usu2014\/2023\/02\/Screenshot_20230208_175138_Instagram.jpg\"><\/a>Excursi\u00f3 de l&#8217;alumnat de 1r d&#8217;ESO per veure dos b\u00fanquers de la zona dels Querols (la Jonquera), des de la mat\u00e8ria de Projectes i en el marc del projecte transversal de centre Guerra Civil i exilis.<br \/>\nLa visita va estar guiada per l&#8217;historiador Miquel Serrano,&hellip;  <a href=\"https:\/\/agora.xtec.cat\/ieslajonquera\/general\/1r-deso-als-bunquers-de-la-jonquera\/\" title=\"Read 1r d&#8217;ESO, als b\u00fanquers de la Jonquera\">Llegeix m\u00e9s\u00bb<\/a><\/p>\n","protected":false},"author":3,"featured_media":4450,"comment_status":"open","ping_status":"closed","sticky":false,"template":"","format":"standard","meta":{"_bbp_topic_count":0,"_bbp_reply_count":0,"_bbp_total_topic_count":0,"_bbp_total_reply_count":0,"_bbp_voice_count":0,"_bbp_anonymous_reply_count":0,"_bbp_topic_count_hidden":0,"_bbp_reply_count_hidden":0,"_bbp_forum_subforum_count":0,"footnotes":""},"categories":[4,3,1],"tags":[145,132,39],"class_list":["post-4449","post","type-post","status-publish","format-standard","has-post-thumbnail","hentry","category-eso-1","category-eso","category-general","tag-historia","tag-projectes","tag-sortides"],"post_mailing_queue_ids":[],"_links":{"self":[{"href":"https:\/\/agora.xtec.cat\/ieslajonquera\/wp-json\/wp\/v2\/posts\/4449","targetHints":{"allow":["GET"]}}],"collection":[{"href":"https:\/\/agora.xtec.cat\/ieslajonquera\/wp-json\/wp\/v2\/posts"}],"about":[{"href":"https:\/\/agora.xtec.cat\/ieslajonquera\/wp-json\/wp\/v2\/types\/post"}],"author":[{"embeddable":true,"href":"https:\/\/agora.xtec.cat\/ieslajonquera\/wp-json\/wp\/v2\/users\/3"}],"replies":[{"embeddable":true,"href":"https:\/\/agora.xtec.cat\/ieslajonquera\/wp-json\/wp\/v2\/comments?post=4449"}],"version-history":[{"count":1,"href":"https:\/\/agora.xtec.cat\/ieslajonquera\/wp-json\/wp\/v2\/posts\/4449\/revisions"}],"predecessor-version":[{"id":4451,"href":"https:\/\/agora.xtec.cat\/ieslajonquera\/wp-json\/wp\/v2\/posts\/4449\/revisions\/4451"}],"wp:featuredmedia":[{"embeddable":true,"href":"https:\/\/agora.xtec.cat\/ieslajonquera\/wp-json\/wp\/v2\/media\/4450"}],"wp:attachment":[{"href":"https:\/\/agora.xtec.cat\/ieslajonquera\/wp-json\/wp\/v2\/media?parent=4449"}],"wp:term":[{"taxonomy":"category","embeddable":true,"href":"https:\/\/agora.xtec.cat\/ieslajonquera\/wp-json\/wp\/v2\/categories?post=4449"},{"taxonomy":"post_tag","embeddable":true,"href":"https:\/\/agora.xtec.cat\/ieslajonquera\/wp-json\/wp\/v2\/tags?post=4449"}],"curies":[{"name":"wp","href":"https:\/\/api.w.org\/{rel}","templated":true}]}}