{"id":4426,"date":"2023-01-23T14:33:24","date_gmt":"2023-01-23T13:33:24","guid":{"rendered":"https:\/\/agora.xtec.cat\/ieslajonquera\/?p=4426"},"modified":"2023-01-23T14:33:46","modified_gmt":"2023-01-23T13:33:46","slug":"participacio-de-lalumnat-a-les-proves-cangur","status":"publish","type":"post","link":"https:\/\/agora.xtec.cat\/ieslajonquera\/general\/participacio-de-lalumnat-a-les-proves-cangur\/","title":{"rendered":"Participaci\u00f3 a les Proves Cangur"},"content":{"rendered":"<p style=\"text-align: justify;\"><a href=\"https:\/\/agora.xtec.cat\/ieslajonquera\/wp-content\/uploads\/usu2014\/2023\/01\/Screenshot_20230123_143216_Gallery.jpg\"><img loading=\"lazy\" decoding=\"async\" class=\"size-medium wp-image-4427 alignleft\" src=\"https:\/\/agora.xtec.cat\/ieslajonquera\/wp-content\/uploads\/usu2014\/2023\/01\/Screenshot_20230123_143216_Gallery-268x300.jpg\" alt=\"\" width=\"268\" height=\"300\" srcset=\"https:\/\/agora.xtec.cat\/ieslajonquera\/wp-content\/uploads\/usu2014\/2023\/01\/Screenshot_20230123_143216_Gallery-268x300.jpg 268w, https:\/\/agora.xtec.cat\/ieslajonquera\/wp-content\/uploads\/usu2014\/2023\/01\/Screenshot_20230123_143216_Gallery-915x1024.jpg 915w, https:\/\/agora.xtec.cat\/ieslajonquera\/wp-content\/uploads\/usu2014\/2023\/01\/Screenshot_20230123_143216_Gallery-768x860.jpg 768w, https:\/\/agora.xtec.cat\/ieslajonquera\/wp-content\/uploads\/usu2014\/2023\/01\/Screenshot_20230123_143216_Gallery.jpg 1080w\" sizes=\"auto, (max-width: 268px) 100vw, 268px\" \/><\/a>Dijous passat, 19 de gener, dos equips del centre (un d&#8217;alumnes de 1r i 2n d&#8217;ESO i un altre de 3r d&#8217;ESO) van participar en la Prova Cangur de matem\u00e0tiques que va tenir lloc a l&#8217;Institut Olivar Gran, a Figueres.<\/p>\n<p>Els alumnes que hi van participar s\u00f3n: Ona Madern, Nora Quintana, Luka Nicolier i Eudald Martino (1r d&#8217;ESO), Iago Meil\u00e1n, Ariel Gonz\u00e1lez i John C. Castillo (2n d&#8217;ESO) i Marta Sais, Alberto Moreno, Irache Santana, Bruna Carreras, Carles Garcia, Sa\u00fcc Ribas i Nolann Cord\u00f3n (3r d&#8217;ESO).<\/p>\n<p style=\"text-align: justify;\">Aquest curs la Copa Cangur ha tornat al seu format habitual, amb una primera fase presencial en diferents seus distribu\u00efdes arreu del territori, i una fase final amb els guanyadors de cada seu, tamb\u00e9 presencial. La principal novetat d\u2019aquesta edici\u00f3 va ser l\u2019ampliaci\u00f3 de la Copa a tots els nivells de l\u2019ESO, en dues noves categories: Cadet (alumnes de 1r i 2n d\u2019ESO) i Junior (alumnes de 3r i 4t d\u2019ESO)<\/p>\n<p style=\"text-align: justify;\">La Copa Cangur \u00e9s un concurs presencial de resoluci\u00f3 de problemes de matem\u00e0tiques per a equips de centre, organitzat per la Societat Catalana de Matem\u00e0tiques i que rep el suport log\u00edstic de Isotropic. Els equips estan formats per 7 alumnes de 1r i 2n d\u2019ESO (categoria Cadet) o b\u00e9 7 alumnes de 3r i 4t d\u2019ESO (categoria Junior) amb la condici\u00f3 que com a m\u00e0xim hi pot haver 4 alumnes de 2n o 4t respectivament en cada equip.<\/p>\n<p style=\"text-align: justify;\">En el concurs es presenten 12 problemes i 60 minuts de temps per fer-ne els m\u00e0xims possibles (primera fase). \u00c9s una cursa contra rellotge on la puntuaci\u00f3 obtinguda per cada problema va variant durant el concurs, i per tant la estrat\u00e8gia d\u2019equip \u00e9s molt important! A m\u00e9s, durant el desenvolupament de la prova els equips poden seguir en directe l\u2019estat del concurs, tant la puntuaci\u00f3 i la classificaci\u00f3 com els encerts i errors que porten acumulats cadascun dels participants. Aix\u00f2 el fa un joc emocionant i divertit, amb les matem\u00e0tiques com a protagonistes.<\/p>\n<p style=\"text-align: justify;\">La primera fase del concurs se celebra en diverses seus locals repartides arreu del territori. El primer equip classificat de cada seu (o els primers, dep\u00e8n del nombre de seus que hi hagi), juntament amb els campions de l\u2019any anterior, es classifiquen per la gran final nacional. Els primers classificats a la fase nacional obtenen un passi per a participar en la final internacional (que es fa en l\u00ednia des del propi centre) amb equips d\u2019altres pa\u00efsos (per al curs 2022-2023 encara no sabem si es podr\u00e0 organitzar aquesta fase internacional).<\/p>\n","protected":false},"excerpt":{"rendered":"<p><a href=\"https:\/\/agora.xtec.cat\/ieslajonquera\/wp-content\/uploads\/usu2014\/2023\/01\/Screenshot_20230123_143216_Gallery.jpg\"><\/a>Dijous passat, 19 de gener, dos equips del centre (un d&#8217;alumnes de 1r i 2n d&#8217;ESO i un altre de 3r d&#8217;ESO) van participar en la Prova Cangur de matem\u00e0tiques que va tenir lloc a l&#8217;Institut Olivar Gran, a Figueres.<br \/>\nEls alumnes que hi van&hellip;  <a href=\"https:\/\/agora.xtec.cat\/ieslajonquera\/general\/participacio-de-lalumnat-a-les-proves-cangur\/\" title=\"Read Participaci\u00f3 a les Proves Cangur\">Llegeix m\u00e9s\u00bb<\/a><\/p>\n","protected":false},"author":3,"featured_media":4427,"comment_status":"open","ping_status":"closed","sticky":false,"template":"","format":"standard","meta":{"_bbp_topic_count":0,"_bbp_reply_count":0,"_bbp_total_topic_count":0,"_bbp_total_reply_count":0,"_bbp_voice_count":0,"_bbp_anonymous_reply_count":0,"_bbp_topic_count_hidden":0,"_bbp_reply_count_hidden":0,"_bbp_forum_subforum_count":0,"footnotes":""},"categories":[4,5,6,3,1],"tags":[106,131],"class_list":["post-4426","post","type-post","status-publish","format-standard","has-post-thumbnail","hentry","category-eso-1","category-eso-2","category-eso-3","category-eso","category-general","tag-concurs","tag-matematiques"],"post_mailing_queue_ids":[],"_links":{"self":[{"href":"https:\/\/agora.xtec.cat\/ieslajonquera\/wp-json\/wp\/v2\/posts\/4426","targetHints":{"allow":["GET"]}}],"collection":[{"href":"https:\/\/agora.xtec.cat\/ieslajonquera\/wp-json\/wp\/v2\/posts"}],"about":[{"href":"https:\/\/agora.xtec.cat\/ieslajonquera\/wp-json\/wp\/v2\/types\/post"}],"author":[{"embeddable":true,"href":"https:\/\/agora.xtec.cat\/ieslajonquera\/wp-json\/wp\/v2\/users\/3"}],"replies":[{"embeddable":true,"href":"https:\/\/agora.xtec.cat\/ieslajonquera\/wp-json\/wp\/v2\/comments?post=4426"}],"version-history":[{"count":2,"href":"https:\/\/agora.xtec.cat\/ieslajonquera\/wp-json\/wp\/v2\/posts\/4426\/revisions"}],"predecessor-version":[{"id":4429,"href":"https:\/\/agora.xtec.cat\/ieslajonquera\/wp-json\/wp\/v2\/posts\/4426\/revisions\/4429"}],"wp:featuredmedia":[{"embeddable":true,"href":"https:\/\/agora.xtec.cat\/ieslajonquera\/wp-json\/wp\/v2\/media\/4427"}],"wp:attachment":[{"href":"https:\/\/agora.xtec.cat\/ieslajonquera\/wp-json\/wp\/v2\/media?parent=4426"}],"wp:term":[{"taxonomy":"category","embeddable":true,"href":"https:\/\/agora.xtec.cat\/ieslajonquera\/wp-json\/wp\/v2\/categories?post=4426"},{"taxonomy":"post_tag","embeddable":true,"href":"https:\/\/agora.xtec.cat\/ieslajonquera\/wp-json\/wp\/v2\/tags?post=4426"}],"curies":[{"name":"wp","href":"https:\/\/api.w.org\/{rel}","templated":true}]}}